{"id":2046,"date":"2016-05-16T11:27:32","date_gmt":"2016-05-16T09:27:32","guid":{"rendered":"http:\/\/psicoclinicabarcelona.com\/?p=2046"},"modified":"2024-05-17T11:57:27","modified_gmt":"2024-05-17T09:57:27","slug":"qui-es-el-millor-psicoleg-de-barcelona","status":"publish","type":"post","link":"https:\/\/psicoclinicabarcelona.com\/ca\/qui-es-el-millor-psicoleg-de-barcelona\/","title":{"rendered":"El millor Psic\u00f2leg a Barcelona"},"content":{"rendered":"[vc_row][vc_column][vc_empty_space][vc_column_text]Trobareu els millors psic\u00f2legs a Barcelona amb Psicocl\u00ednica Barcelona. El nostre equip est\u00e0 format per Mila Herrera i Sergi Vilardell.<\/p>\n<p>Comptem amb molts anys d&#8217;experi\u00e8ncia i una \u00e0mplia formaci\u00f3 com a psic\u00f2legs cl\u00ednics i psicoterapeutes amb pacients des de nens petits, passant per adolescents i adults. Tamb\u00e9 realitzem ter\u00e0pies per a parelles. Abans de fundar la nostra cl\u00ednica treballem en diversos recursos ambulatoris i hospitalaris dins de la salut mental, ja sigui a nivell p\u00fablic o privat.[\/vc_column_text][vc_empty_space][vc_row_inner content_placement=&#8221;middle&#8221; gap=&#8221;20&#8243; css=&#8221;.vc_custom_1715858448448{padding-left: 40px !important;}&#8221;][vc_column_inner width=&#8221;3\/5&#8243;][vc_column_text]<strong>Mila Herrera<\/strong> \u00e9s fundadora i subdirectora de Psicocl\u00ednica Barcelona i est\u00e0 llicenciada en psicologia des del 2003 a la <a href=\"https:\/\/www.uab.cat\/web\/universitat-autonoma-de-barcelona-1345467954409.html\">UAB<\/a> (Universitat Aut\u00f2noma de Barcelona). Va pert\u00e0nyer al S.E.E.T.D.I.C. (Servei Educatiu Espec\u00edfic pel Trastorn del Desenvolupament i de la Conducta).<\/p>\n<p>Ha desenvolupat el seu treball a diferents centres sanitaris a l&#8217;\u00e0mbit p\u00fablic de Catalunya, especialitzant-se en atenci\u00f3 cl\u00ednica infantil i juvenil. A m\u00e9s, ha col\u00b7laborat en treballs de recerca premiats i ha assistit a jornades i congressos cl\u00ednics de gran rellev\u00e0ncia.<\/p>\n<p><strong>Sergi Vilardell<\/strong> \u00e9s tamb\u00e9 fundador i director de Psicocl\u00ednica Barcelona. Est\u00e0 ubicat a Barcelona i \u00e9s especialista en el tractament psicol\u00f2gic de nens, joves i adults.<\/p>\n<p>\u00c9s Director terap\u00e8utic de la Cl\u00ednica CITA des de fa m\u00e9s de 15 anys, aix\u00ed com a membre de la FEAP (Federaci\u00f3 Espanyola d&#8217;Associacions de Psicoterapeutites), docent de l&#8217;ACCEP (Associaci\u00f3 Catalana per a la Cl\u00ednica i l&#8217;Ensenyament de la Psicoan\u00e0lisi) i membre de FPB (Forum Psicoanalitic Barcelona). Finalment, ha participat en m\u00faltiples congressos cient\u00edfics a nivell nacional i internacional i ha escrit diversos articles de recerca.[\/vc_column_text][\/vc_column_inner][vc_column_inner width=&#8221;1\/5&#8243;][vc_single_image image=&#8221;5738&#8243; alignment=&#8221;center&#8221; style=&#8221;vc_box_shadow_circle_2&#8243;][vc_empty_space][vc_single_image image=&#8221;5737&#8243; alignment=&#8221;center&#8221; style=&#8221;vc_box_shadow_circle_2&#8243;][\/vc_column_inner][vc_column_inner width=&#8221;1\/6&#8243;][\/vc_column_inner][\/vc_row_inner][\/vc_column][\/vc_row][vc_row full_width=&#8221;stretch_row&#8221; css=&#8221;.vc_custom_1715858484708{margin-top: 30px !important;margin-bottom: 30px !important;padding-top: 20px !important;padding-bottom: 20px !important;background-color: #f8fdff !important;}&#8221;][vc_column][vc_row_inner][vc_column_inner][vc_column_text]\n<h2>En qu\u00e8 treballem<\/h2>\n<p>Som experts en la psicologia cl\u00ednica i la psicoter\u00e0pia. Duem a terme la intervenci\u00f3 i el tractament de trastorns de tot tipus (afectius, depressi\u00f3, ansietat, f\u00f2bies, estr\u00e8s, obsessions, pors, inseguretats, autoestima, traumes, conductes disruptives, etc.) i ter\u00e0pia de parella. Tamb\u00e9 fem psicoter\u00e0pia centrada en el proc\u00e9s de creixement personal.<\/p>\n<p>La nostra feina i l&#8217;efectivitat dels nostres tractaments est\u00e0 en una atenci\u00f3 individualitzada i centrada en el pacient com a protagonista, ja que no hi ha 2 persones iguals. Duem a terme una valoraci\u00f3 inicial per con\u00e8ixer la problem\u00e0tica d&#8217;arrel i saber com orientar correctament el tractament adequat. Aix\u00ed mateix, tamb\u00e9 fem veure el pacient si la nostra feina \u00e9s de confian\u00e7a per seguir o no amb la psicoter\u00e0pia.[\/vc_column_text][\/vc_column_inner][\/vc_row_inner][\/vc_column][\/vc_row][vc_row][vc_column][vc_row_inner content_placement=&#8221;middle&#8221; gap=&#8221;20&#8243;][vc_column_inner width=&#8221;1\/2&#8243;][vc_single_image image=&#8221;6964&#8243; alignment=&#8221;center&#8221;][\/vc_column_inner][vc_column_inner width=&#8221;1\/2&#8243;][vc_column_text]\n<h2>La teva confian\u00e7a \u00e9s important<\/h2>\n<p>Si vols saber m\u00e9s de nosaltres, pots llegir les opinions dels nostres usuaris, la seva satisfacci\u00f3 a la nostra feina.<\/p>\n<p>Un bon psic\u00f2leg a Barcelona no sols ha de tenir una bona i \u00e0mplia formaci\u00f3 o experi\u00e8ncia, sin\u00f3 tamb\u00e9 disposar de les habilitats necess\u00e0ries per empatitzar amb el pacient. Parlem d&#8217;elements com l&#8217;empatia, l&#8217;acceptaci\u00f3 sense condicions, una escolta activa, mostrar inter\u00e8s pel pacient i el seu voltant, aix\u00ed com tenir un punt m\u00e9s de sensibilitat i maduresa necess\u00e0ria per ser el guia per superar un problema psicol\u00f2gic.<\/p>\n<p>\u00c9s important recordar que en certs moments de la vida estem encallats i necessitem demanar ajut psicol\u00f2gic. I no sempre \u00e9s senzill prendre aquesta decisi\u00f3 ni saber escollir un bon psic\u00f2leg.<\/p>\n<p>L&#8217;\u00e8xit del nostre treball com a psic\u00f2legs rau en la relaci\u00f3 que tenim entre pacient i terapeuta. Ens esforcem per aconseguir una bona entesa personal i la millor atenci\u00f3 perqu\u00e8 el pacient se senti en confian\u00e7a, estigui c\u00f2mode i aconsegueixi superar el seu trastorn o malaltia.[\/vc_column_text][\/vc_column_inner][\/vc_row_inner][\/vc_column][\/vc_row][vc_row][vc_column][vc_column_text]\n<h2>Vols demanar cita?<\/h2>\n<p>A Psicocl\u00ednica Barcelona t&#8217;atenem de forma presencial a:[\/vc_column_text][vc_empty_space][vc_row_inner gap=&#8221;20&#8243;][vc_column_inner width=&#8221;1\/2&#8243;][vc_column_text el_class=&#8221;centros&#8221;]<a href=\"\/despacho-barcelona\/\"><img decoding=\"async\" class=\"size-full wp-image-117 aligncenter\" src=\"https:\/\/psicoclinicabarcelona.com\/wp-content\/uploads\/2014\/10\/logo_2.png\" alt=\"visita nuestro centro de Psicocl\u00ednica Barcelona en Pedralbes\" width=\"178\" height=\"62\" srcset=\"https:\/\/psicoclinicabarcelona.com\/wp-content\/uploads\/2014\/10\/logo_2.png 178w, https:\/\/psicoclinicabarcelona.com\/wp-content\/uploads\/2014\/10\/logo_2-177x62.png 177w\" sizes=\"(max-width: 178px) 100vw, 178px\" \/><\/a><\/p>\n<h4 style=\"text-align: center;\">Barcelona<\/h4>\n<p style=\"text-align: center;\">Sant Elies 29-35 Esc.A 4\u00ba3\u00aa, Sarri\u00e0-Sant Gervasi, Barcelona<\/p>\n[\/vc_column_text][\/vc_column_inner][vc_column_inner width=&#8221;1\/2&#8243;][vc_column_text el_class=&#8221;centros&#8221;]<a href=\"\/psicologo-sant-cugat\/\"><img decoding=\"async\" class=\"size-full wp-image-117 aligncenter\" src=\"https:\/\/psicoclinicabarcelona.com\/wp-content\/uploads\/2014\/10\/logo_2.png\" alt=\"visita nuestro centro de Psicocl\u00ednica Barcelona en Pedralbes\" width=\"178\" height=\"62\" srcset=\"https:\/\/psicoclinicabarcelona.com\/wp-content\/uploads\/2014\/10\/logo_2.png 178w, https:\/\/psicoclinicabarcelona.com\/wp-content\/uploads\/2014\/10\/logo_2-177x62.png 177w\" sizes=\"(max-width: 178px) 100vw, 178px\" \/><\/a><\/p>\n<h4 style=\"text-align: center;\">Sant Cugat del Vall\u00e8s<\/h4>\n<p style=\"text-align: center;\">Pla\u00e7a de Llu\u00eds Millet, 10, Sant Cugat del Vall\u00e8s<\/p>\n[\/vc_column_text][\/vc_column_inner][\/vc_row_inner][vc_empty_space height=&#8221;12px&#8221;][vc_column_text]De la mateixa manera, tamb\u00e9 realitzem consultes des de la nostra p\u00e0gina web i tamb\u00e9 en l\u00ednia. Demana la teva cita ara i ser\u00e0s at\u00e8s de manera personal per un psic\u00f2leg a Barcelona des de la teva primera trucada.<\/p>\n<p>Des de la primera cita us donarem les claus del vostre problema i, un cop determinat el motiu de la problem\u00e0tica, us donarem una consulta privada per comen\u00e7ar a resoldre les vostres preocupacions.<\/p>\n<p>Demana cita sense comprom\u00eds. La nostra intenci\u00f3 \u00e9s ajudar-te.[\/vc_column_text][\/vc_column][\/vc_row]\n","protected":false},"excerpt":{"rendered":"<p>[vc_row][vc_column][vc_empty_space][vc_column_text]Trobareu els millors psic\u00f2legs a Barcelona amb Psicocl\u00ednica Barcelona. El nostre equip est\u00e0 format per Mila Herrera i Sergi Vilardell. Comptem amb molts anys d&#8217;experi\u00e8ncia i una \u00e0mplia formaci\u00f3 com a psic\u00f2legs cl\u00ednics i psicoterapeutes amb pacients des de nens petits, passant per adolescents i adults. Tamb\u00e9 realitzem ter\u00e0pies per a parelles. Abans de fundar&hellip;<\/p>\n","protected":false},"author":2,"featured_media":7219,"comment_status":"closed","ping_status":"closed","sticky":false,"template":"","format":"standard","meta":{"footnotes":""},"categories":[46,38,36,139],"tags":[],"post_series":[],"class_list":["post-2046","post","type-post","status-publish","format-standard","has-post-thumbnail","hentry","category-el-millor-psicoleg-de-barcelona","category-psicoleg-barcelona","category-psicologo-barcelona","category-psicologo-barcelona-ca","entry","has-media"],"yoast_head":"<!-- This site is optimized with the Yoast SEO plugin v24.6 - https:\/\/yoast.com\/wordpress\/plugins\/seo\/ -->\n<title>El millor psic\u00f2leg de Barcelona<\/title>\n<meta name=\"description\" content=\"El millor psic\u00f2leg de Barcelona, truqui al 640 067 146 per demanar informaci\u00f3 o concertar una entrevista amb un especialista.\" \/>\n<meta name=\"robots\" content=\"index, follow, max-snippet:-1, max-image-preview:large, max-video-preview:-1\" \/>\n<link rel=\"canonical\" href=\"https:\/\/psicoclinicabarcelona.com\/ca\/qui-es-el-millor-psicoleg-de-barcelona\/\" \/>\n<meta property=\"og:locale\" content=\"ca_ES\" \/>\n<meta property=\"og:type\" content=\"article\" \/>\n<meta property=\"og:title\" content=\"El millor psic\u00f2leg de Barcelona\" \/>\n<meta property=\"og:description\" content=\"El millor psic\u00f2leg de Barcelona, truqui al 640 067 146 per demanar informaci\u00f3 o concertar una entrevista amb un especialista.\" \/>\n<meta property=\"og:url\" content=\"https:\/\/psicoclinicabarcelona.com\/ca\/qui-es-el-millor-psicoleg-de-barcelona\/\" \/>\n<meta property=\"og:site_name\" content=\"Psicocl\u00ednica Barcelona\" \/>\n<meta property=\"article:publisher\" content=\"https:\/\/www.facebook.com\/PsicoclinicaBarcelona\/\" \/>\n<meta property=\"article:published_time\" content=\"2016-05-16T09:27:32+00:00\" \/>\n<meta property=\"article:modified_time\" content=\"2024-05-17T09:57:27+00:00\" \/>\n<meta property=\"og:image\" content=\"https:\/\/psicoclinicabarcelona.com\/wp-content\/uploads\/2016\/08\/mejores_psicologos_barcelona.webp\" \/>\n\t<meta property=\"og:image:width\" content=\"750\" \/>\n\t<meta property=\"og:image:height\" content=\"500\" \/>\n\t<meta property=\"og:image:type\" content=\"image\/webp\" \/>\n<meta name=\"author\" content=\"Mila Herrera\" \/>\n<meta name=\"twitter:label1\" content=\"Escrit per\" \/>\n\t<meta name=\"twitter:data1\" content=\"Mila Herrera\" \/>\n\t<meta name=\"twitter:label2\" content=\"Temps estimat de lectura\" \/>\n\t<meta name=\"twitter:data2\" content=\"4 minuts\" \/>\n<script type=\"application\/ld+json\" class=\"yoast-schema-graph\">{\"@context\":\"https:\/\/schema.org\",\"@graph\":[{\"@type\":\"Article\",\"@id\":\"https:\/\/psicoclinicabarcelona.com\/ca\/qui-es-el-millor-psicoleg-de-barcelona\/#article\",\"isPartOf\":{\"@id\":\"https:\/\/psicoclinicabarcelona.com\/ca\/qui-es-el-millor-psicoleg-de-barcelona\/\"},\"author\":{\"name\":\"Mila Herrera\",\"@id\":\"https:\/\/psicoclinicabarcelona.com\/#\/schema\/person\/155479011396a56b42230044d3de42bb\"},\"headline\":\"El millor Psic\u00f2leg a Barcelona\",\"datePublished\":\"2016-05-16T09:27:32+00:00\",\"dateModified\":\"2024-05-17T09:57:27+00:00\",\"mainEntityOfPage\":{\"@id\":\"https:\/\/psicoclinicabarcelona.com\/ca\/qui-es-el-millor-psicoleg-de-barcelona\/\"},\"wordCount\":987,\"publisher\":{\"@id\":\"https:\/\/psicoclinicabarcelona.com\/#organization\"},\"image\":{\"@id\":\"https:\/\/psicoclinicabarcelona.com\/ca\/qui-es-el-millor-psicoleg-de-barcelona\/#primaryimage\"},\"thumbnailUrl\":\"https:\/\/psicoclinicabarcelona.com\/wp-content\/uploads\/2016\/08\/mejores_psicologos_barcelona.webp\",\"articleSection\":[\"El millor psic\u00f2leg de Barcelona\",\"Psic\u00f2leg Barcelona\",\"Psic\u00f3logo Barcelona\",\"Psic\u00f3logo Barcelona\"],\"inLanguage\":\"ca\"},{\"@type\":\"WebPage\",\"@id\":\"https:\/\/psicoclinicabarcelona.com\/ca\/qui-es-el-millor-psicoleg-de-barcelona\/\",\"url\":\"https:\/\/psicoclinicabarcelona.com\/ca\/qui-es-el-millor-psicoleg-de-barcelona\/\",\"name\":\"El millor psic\u00f2leg de Barcelona\",\"isPartOf\":{\"@id\":\"https:\/\/psicoclinicabarcelona.com\/#website\"},\"primaryImageOfPage\":{\"@id\":\"https:\/\/psicoclinicabarcelona.com\/ca\/qui-es-el-millor-psicoleg-de-barcelona\/#primaryimage\"},\"image\":{\"@id\":\"https:\/\/psicoclinicabarcelona.com\/ca\/qui-es-el-millor-psicoleg-de-barcelona\/#primaryimage\"},\"thumbnailUrl\":\"https:\/\/psicoclinicabarcelona.com\/wp-content\/uploads\/2016\/08\/mejores_psicologos_barcelona.webp\",\"datePublished\":\"2016-05-16T09:27:32+00:00\",\"dateModified\":\"2024-05-17T09:57:27+00:00\",\"description\":\"El millor psic\u00f2leg de Barcelona, truqui al 640 067 146 per demanar informaci\u00f3 o concertar una entrevista amb un especialista.\",\"breadcrumb\":{\"@id\":\"https:\/\/psicoclinicabarcelona.com\/ca\/qui-es-el-millor-psicoleg-de-barcelona\/#breadcrumb\"},\"inLanguage\":\"ca\",\"potentialAction\":[{\"@type\":\"ReadAction\",\"target\":[\"https:\/\/psicoclinicabarcelona.com\/ca\/qui-es-el-millor-psicoleg-de-barcelona\/\"]}]},{\"@type\":\"ImageObject\",\"inLanguage\":\"ca\",\"@id\":\"https:\/\/psicoclinicabarcelona.com\/ca\/qui-es-el-millor-psicoleg-de-barcelona\/#primaryimage\",\"url\":\"https:\/\/psicoclinicabarcelona.com\/wp-content\/uploads\/2016\/08\/mejores_psicologos_barcelona.webp\",\"contentUrl\":\"https:\/\/psicoclinicabarcelona.com\/wp-content\/uploads\/2016\/08\/mejores_psicologos_barcelona.webp\",\"width\":750,\"height\":500},{\"@type\":\"BreadcrumbList\",\"@id\":\"https:\/\/psicoclinicabarcelona.com\/ca\/qui-es-el-millor-psicoleg-de-barcelona\/#breadcrumb\",\"itemListElement\":[{\"@type\":\"ListItem\",\"position\":1,\"name\":\"Portada\",\"item\":\"https:\/\/psicoclinicabarcelona.com\/ca\/\"},{\"@type\":\"ListItem\",\"position\":2,\"name\":\"El millor Psic\u00f2leg a Barcelona\"}]},{\"@type\":\"WebSite\",\"@id\":\"https:\/\/psicoclinicabarcelona.com\/#website\",\"url\":\"https:\/\/psicoclinicabarcelona.com\/\",\"name\":\"Psicocl\u00ednica Barcelona\",\"description\":\"Posiblemente el mejor psic\u00f3logo en Barcelona o la mejor psic\u00f3loga de Barcelona. Ll\u00e1manos sin compromiso al 935 414 478\",\"publisher\":{\"@id\":\"https:\/\/psicoclinicabarcelona.com\/#organization\"},\"alternateName\":\"Psicocl\u00ednica Barcelona\",\"potentialAction\":[{\"@type\":\"SearchAction\",\"target\":{\"@type\":\"EntryPoint\",\"urlTemplate\":\"https:\/\/psicoclinicabarcelona.com\/?s={search_term_string}\"},\"query-input\":{\"@type\":\"PropertyValueSpecification\",\"valueRequired\":true,\"valueName\":\"search_term_string\"}}],\"inLanguage\":\"ca\"},{\"@type\":\"Organization\",\"@id\":\"https:\/\/psicoclinicabarcelona.com\/#organization\",\"name\":\"Psicocl\u00ednica Barcelona\",\"alternateName\":\"Psicocl\u00ednica Barcelona\",\"url\":\"https:\/\/psicoclinicabarcelona.com\/\",\"logo\":{\"@type\":\"ImageObject\",\"inLanguage\":\"ca\",\"@id\":\"https:\/\/psicoclinicabarcelona.com\/#\/schema\/logo\/image\/\",\"url\":\"https:\/\/psicoclinicabarcelona.com\/wp-content\/uploads\/2015\/04\/psicologos-barcelona.png\",\"contentUrl\":\"https:\/\/psicoclinicabarcelona.com\/wp-content\/uploads\/2015\/04\/psicologos-barcelona.png\",\"width\":178,\"height\":62,\"caption\":\"Psicocl\u00ednica Barcelona\"},\"image\":{\"@id\":\"https:\/\/psicoclinicabarcelona.com\/#\/schema\/logo\/image\/\"},\"sameAs\":[\"https:\/\/www.facebook.com\/PsicoclinicaBarcelona\/\",\"https:\/\/x.com\/psicoclinicabcn\",\"https:\/\/www.linkedin.com\/company\/psicocl\u00ednica-barcelona\/\",\"https:\/\/www.instagram.com\/psicoclinicabarcelona\/\",\"https:\/\/www.youtube.com\/channel\/UCcc-5_wC56giASuT0XDr87Q\"]},{\"@type\":\"Person\",\"@id\":\"https:\/\/psicoclinicabarcelona.com\/#\/schema\/person\/155479011396a56b42230044d3de42bb\",\"name\":\"Mila Herrera\"}]}<\/script>\n<!-- \/ Yoast SEO plugin. -->","yoast_head_json":{"title":"El millor psic\u00f2leg de Barcelona","description":"El millor psic\u00f2leg de Barcelona, truqui al 640 067 146 per demanar informaci\u00f3 o concertar una entrevista amb un especialista.","robots":{"index":"index","follow":"follow","max-snippet":"max-snippet:-1","max-image-preview":"max-image-preview:large","max-video-preview":"max-video-preview:-1"},"canonical":"https:\/\/psicoclinicabarcelona.com\/ca\/qui-es-el-millor-psicoleg-de-barcelona\/","og_locale":"ca_ES","og_type":"article","og_title":"El millor psic\u00f2leg de Barcelona","og_description":"El millor psic\u00f2leg de Barcelona, truqui al 640 067 146 per demanar informaci\u00f3 o concertar una entrevista amb un especialista.","og_url":"https:\/\/psicoclinicabarcelona.com\/ca\/qui-es-el-millor-psicoleg-de-barcelona\/","og_site_name":"Psicocl\u00ednica Barcelona","article_publisher":"https:\/\/www.facebook.com\/PsicoclinicaBarcelona\/","article_published_time":"2016-05-16T09:27:32+00:00","article_modified_time":"2024-05-17T09:57:27+00:00","og_image":[{"width":750,"height":500,"url":"https:\/\/psicoclinicabarcelona.com\/wp-content\/uploads\/2016\/08\/mejores_psicologos_barcelona.webp","type":"image\/webp"}],"author":"Mila Herrera","twitter_misc":{"Escrit per":"Mila Herrera","Temps estimat de lectura":"4 minuts"},"schema":{"@context":"https:\/\/schema.org","@graph":[{"@type":"Article","@id":"https:\/\/psicoclinicabarcelona.com\/ca\/qui-es-el-millor-psicoleg-de-barcelona\/#article","isPartOf":{"@id":"https:\/\/psicoclinicabarcelona.com\/ca\/qui-es-el-millor-psicoleg-de-barcelona\/"},"author":{"name":"Mila Herrera","@id":"https:\/\/psicoclinicabarcelona.com\/#\/schema\/person\/155479011396a56b42230044d3de42bb"},"headline":"El millor Psic\u00f2leg a Barcelona","datePublished":"2016-05-16T09:27:32+00:00","dateModified":"2024-05-17T09:57:27+00:00","mainEntityOfPage":{"@id":"https:\/\/psicoclinicabarcelona.com\/ca\/qui-es-el-millor-psicoleg-de-barcelona\/"},"wordCount":987,"publisher":{"@id":"https:\/\/psicoclinicabarcelona.com\/#organization"},"image":{"@id":"https:\/\/psicoclinicabarcelona.com\/ca\/qui-es-el-millor-psicoleg-de-barcelona\/#primaryimage"},"thumbnailUrl":"https:\/\/psicoclinicabarcelona.com\/wp-content\/uploads\/2016\/08\/mejores_psicologos_barcelona.webp","articleSection":["El millor psic\u00f2leg de Barcelona","Psic\u00f2leg Barcelona","Psic\u00f3logo Barcelona","Psic\u00f3logo Barcelona"],"inLanguage":"ca"},{"@type":"WebPage","@id":"https:\/\/psicoclinicabarcelona.com\/ca\/qui-es-el-millor-psicoleg-de-barcelona\/","url":"https:\/\/psicoclinicabarcelona.com\/ca\/qui-es-el-millor-psicoleg-de-barcelona\/","name":"El millor psic\u00f2leg de Barcelona","isPartOf":{"@id":"https:\/\/psicoclinicabarcelona.com\/#website"},"primaryImageOfPage":{"@id":"https:\/\/psicoclinicabarcelona.com\/ca\/qui-es-el-millor-psicoleg-de-barcelona\/#primaryimage"},"image":{"@id":"https:\/\/psicoclinicabarcelona.com\/ca\/qui-es-el-millor-psicoleg-de-barcelona\/#primaryimage"},"thumbnailUrl":"https:\/\/psicoclinicabarcelona.com\/wp-content\/uploads\/2016\/08\/mejores_psicologos_barcelona.webp","datePublished":"2016-05-16T09:27:32+00:00","dateModified":"2024-05-17T09:57:27+00:00","description":"El millor psic\u00f2leg de Barcelona, truqui al 640 067 146 per demanar informaci\u00f3 o concertar una entrevista amb un especialista.","breadcrumb":{"@id":"https:\/\/psicoclinicabarcelona.com\/ca\/qui-es-el-millor-psicoleg-de-barcelona\/#breadcrumb"},"inLanguage":"ca","potentialAction":[{"@type":"ReadAction","target":["https:\/\/psicoclinicabarcelona.com\/ca\/qui-es-el-millor-psicoleg-de-barcelona\/"]}]},{"@type":"ImageObject","inLanguage":"ca","@id":"https:\/\/psicoclinicabarcelona.com\/ca\/qui-es-el-millor-psicoleg-de-barcelona\/#primaryimage","url":"https:\/\/psicoclinicabarcelona.com\/wp-content\/uploads\/2016\/08\/mejores_psicologos_barcelona.webp","contentUrl":"https:\/\/psicoclinicabarcelona.com\/wp-content\/uploads\/2016\/08\/mejores_psicologos_barcelona.webp","width":750,"height":500},{"@type":"BreadcrumbList","@id":"https:\/\/psicoclinicabarcelona.com\/ca\/qui-es-el-millor-psicoleg-de-barcelona\/#breadcrumb","itemListElement":[{"@type":"ListItem","position":1,"name":"Portada","item":"https:\/\/psicoclinicabarcelona.com\/ca\/"},{"@type":"ListItem","position":2,"name":"El millor Psic\u00f2leg a Barcelona"}]},{"@type":"WebSite","@id":"https:\/\/psicoclinicabarcelona.com\/#website","url":"https:\/\/psicoclinicabarcelona.com\/","name":"Psicocl\u00ednica Barcelona","description":"Posiblemente el mejor psic\u00f3logo en Barcelona o la mejor psic\u00f3loga de Barcelona. Ll\u00e1manos sin compromiso al 935 414 478","publisher":{"@id":"https:\/\/psicoclinicabarcelona.com\/#organization"},"alternateName":"Psicocl\u00ednica Barcelona","potentialAction":[{"@type":"SearchAction","target":{"@type":"EntryPoint","urlTemplate":"https:\/\/psicoclinicabarcelona.com\/?s={search_term_string}"},"query-input":{"@type":"PropertyValueSpecification","valueRequired":true,"valueName":"search_term_string"}}],"inLanguage":"ca"},{"@type":"Organization","@id":"https:\/\/psicoclinicabarcelona.com\/#organization","name":"Psicocl\u00ednica Barcelona","alternateName":"Psicocl\u00ednica Barcelona","url":"https:\/\/psicoclinicabarcelona.com\/","logo":{"@type":"ImageObject","inLanguage":"ca","@id":"https:\/\/psicoclinicabarcelona.com\/#\/schema\/logo\/image\/","url":"https:\/\/psicoclinicabarcelona.com\/wp-content\/uploads\/2015\/04\/psicologos-barcelona.png","contentUrl":"https:\/\/psicoclinicabarcelona.com\/wp-content\/uploads\/2015\/04\/psicologos-barcelona.png","width":178,"height":62,"caption":"Psicocl\u00ednica Barcelona"},"image":{"@id":"https:\/\/psicoclinicabarcelona.com\/#\/schema\/logo\/image\/"},"sameAs":["https:\/\/www.facebook.com\/PsicoclinicaBarcelona\/","https:\/\/x.com\/psicoclinicabcn","https:\/\/www.linkedin.com\/company\/psicocl\u00ednica-barcelona\/","https:\/\/www.instagram.com\/psicoclinicabarcelona\/","https:\/\/www.youtube.com\/channel\/UCcc-5_wC56giASuT0XDr87Q"]},{"@type":"Person","@id":"https:\/\/psicoclinicabarcelona.com\/#\/schema\/person\/155479011396a56b42230044d3de42bb","name":"Mila Herrera"}]}},"_links":{"self":[{"href":"https:\/\/psicoclinicabarcelona.com\/ca\/wp-json\/wp\/v2\/posts\/2046"}],"collection":[{"href":"https:\/\/psicoclinicabarcelona.com\/ca\/wp-json\/wp\/v2\/posts"}],"about":[{"href":"https:\/\/psicoclinicabarcelona.com\/ca\/wp-json\/wp\/v2\/types\/post"}],"author":[{"embeddable":true,"href":"https:\/\/psicoclinicabarcelona.com\/ca\/wp-json\/wp\/v2\/users\/2"}],"replies":[{"embeddable":true,"href":"https:\/\/psicoclinicabarcelona.com\/ca\/wp-json\/wp\/v2\/comments?post=2046"}],"version-history":[{"count":4,"href":"https:\/\/psicoclinicabarcelona.com\/ca\/wp-json\/wp\/v2\/posts\/2046\/revisions"}],"predecessor-version":[{"id":6976,"href":"https:\/\/psicoclinicabarcelona.com\/ca\/wp-json\/wp\/v2\/posts\/2046\/revisions\/6976"}],"wp:featuredmedia":[{"embeddable":true,"href":"https:\/\/psicoclinicabarcelona.com\/ca\/wp-json\/wp\/v2\/media\/7219"}],"wp:attachment":[{"href":"https:\/\/psicoclinicabarcelona.com\/ca\/wp-json\/wp\/v2\/media?parent=2046"}],"wp:term":[{"taxonomy":"category","embeddable":true,"href":"https:\/\/psicoclinicabarcelona.com\/ca\/wp-json\/wp\/v2\/categories?post=2046"},{"taxonomy":"post_tag","embeddable":true,"href":"https:\/\/psicoclinicabarcelona.com\/ca\/wp-json\/wp\/v2\/tags?post=2046"},{"taxonomy":"post_series","embeddable":true,"href":"https:\/\/psicoclinicabarcelona.com\/ca\/wp-json\/wp\/v2\/post_series?post=2046"}],"curies":[{"name":"wp","href":"https:\/\/api.w.org\/{rel}","templated":true}]}}