{"id":2263,"date":"2017-06-22T15:33:16","date_gmt":"2017-06-22T15:33:16","guid":{"rendered":"http:\/\/psicoclinicabarcelona.com\/?p=2263\/"},"modified":"2023-04-25T13:54:22","modified_gmt":"2023-04-25T11:54:22","slug":"por-a-la-mort","status":"publish","type":"post","link":"https:\/\/psicoclinicabarcelona.com\/ca\/por-a-la-mort\/","title":{"rendered":"Por a la mort"},"content":{"rendered":"<p class=\"p1\"><span class=\"s1\">Els humans sabem que morirem, aquesta \u00e9s la difer\u00e8ncia amb els animals. La paraula, l&#8217;\u00fas de la representaci\u00f3 simb\u00f2lica, atorga al subjecte la consci\u00e8ncia suficient per saber que hi ha un final, un l\u00edmit, un tall. Dit d&#8217;una altra manera, la mort no existiria si no hi hagu\u00e9s una paraula que la nomen\u00e9s. Aquesta consci\u00e8ncia \u00e9s pr\u00f2pia del ser hum\u00e0 en la mesura que el llenguatge permet cobrir a mitges la seva funci\u00f3.<\/span><\/p>\n<p class=\"p1\"><span class=\"s1\">Estar en el llenguatge no vol dir que el subjecte pugui donar sentit a la mort, per\u00f2 s\u00ed almenys, ofereix la possibilitat de poder nomenar-la, de vestir-la simb\u00f2licament a trav\u00e9s de creences o ideals, o de costums com els funerals, les esqueles, les l\u00e0pides &#8230; Tots ells son recursos que permeten alleujar l&#8217;angoixa i elaborar les p\u00e8rdues.<\/span><\/p>\n<p class=\"p1\"><span class=\"s1\">La por a la mort deriva de la relaci\u00f3 impossible entre el llenguatge i la realitat de la mort. Impossible en la mesura que la mort es presenta com aix\u00f2 que s&#8217;escapa a qualsevol temptativa de control per part del subjecte, no donant cap possibilitat de poder predir res pel que fa a com i quan arribar\u00e0 l&#8217;hora. Una incertesa que porta a l&#8217;angoixa i a la vegada d\u00f3na lloc a la religi\u00f3 com a recurs simb\u00f2lic i imaginari per pal\u00b7liar aquestes conseq\u00fc\u00e8ncies.<\/span><\/p>\n<p class=\"p1\"><span class=\"s1\">Les conseq\u00fc\u00e8ncies cl\u00edniques que esdevenen de l&#8217;angoixa en relaci\u00f3 a la mort, podr\u00edem dividir-les en dues posicions subjectives diferents. D&#8217;una banda, estan aquelles persones que via algun mecanisme de defensa procuren no fer front a cap situaci\u00f3 que els evoqui el tema de la mort o de la malaltia. Aquestes persones poden evitar controls m\u00e8dics, per exemple, per seguir mantenint la seva posici\u00f3 de ceguesa, mostrant una posici\u00f3 infantil davant l&#8217;horror de saber.<\/span><\/p>\n<p class=\"p1\"><span class=\"s1\">D&#8217;altra banda, a l&#8217;altra cara de la mateixa moneda, estarien aquelles persones que intenten mantenir una posici\u00f3 de control la mort i la malaltia. No parlem aqu\u00ed d&#8217;aquelles persones que es cuiden i que mantenen h\u00e0bits saludables, sin\u00f3 d&#8217;aquelles que s&#8217;obsessionen amb evitar la mort de totes totes i viuen angoixades davant de qualsevol signe de malaltia. Alguns d&#8217;aquests pacients s\u00f3n veritables creients del discurs cient\u00edfic i somien amb el dia en qu\u00e8 la curaci\u00f3 del c\u00e0ncer ser\u00e0 una realitat que allunyi m\u00e9s i m\u00e9s al final que suposa la mort.<\/span><\/p>\n<p class=\"p1\"><span class=\"s1\">La immortalitat, l&#8217;eterna joventut, l&#8217;amor per a tota la vida &#8230; s\u00f3n anhels de plenitud, ideals de procuren evitar (o vorejar) la trobada amb la realitat de l&#8217;exist\u00e8ncia mateixa, \u00e9s a dir, la condici\u00f3 humana de p\u00e8rdua. Un pot saber de tal impossibilitat, per\u00f2 no obstant no cessar de buscar-ho, d&#8217;intentar fer-ho possible, encara que aix\u00f2 suposi acabar topant sempre amb un real en forma d&#8217;angoixa que treu el cap quan un menys s&#8217;ho espera. Aconseguir viure en pau amb aix\u00f2 impossible de controlar sol ser la demanda de moltes persones que s&#8217;adrecen al psic\u00f2leg o al psicoanalista. La psicoter\u00e0pia psicoanal\u00edtica, no nom\u00e9s t\u00e9 efectes sobre l&#8217;angoixa, sin\u00f3 que va m\u00e9s enll\u00e0, est\u00e0 orientada perqu\u00e8 la persona pugui mantenir una posici\u00f3 m\u00e9s lliure davant d&#8217;aix\u00f2 que s&#8217;escapa al seu control, davant la p\u00e8rdua.<\/span><\/p>\n","protected":false},"excerpt":{"rendered":"<p>Els humans sabem que morirem, aquesta \u00e9s la difer\u00e8ncia amb els animals. La paraula, l&#8217;\u00fas de la representaci\u00f3 simb\u00f2lica, atorga al subjecte la consci\u00e8ncia suficient per saber que hi ha un final, un l\u00edmit, un tall. Dit d&#8217;una altra manera, la mort no existiria si no hi hagu\u00e9s una paraula que la nomen\u00e9s. Aquesta consci\u00e8ncia&hellip;<\/p>\n","protected":false},"author":5,"featured_media":7244,"comment_status":"closed","ping_status":"closed","sticky":false,"template":"","format":"standard","meta":{"footnotes":""},"categories":[7,36,139],"tags":[],"post_series":[],"class_list":["post-2263","post","type-post","status-publish","format-standard","has-post-thumbnail","hentry","category-psicolegs-barcelona","category-psicologo-barcelona","category-psicologo-barcelona-ca","entry","has-media"],"yoast_head":"<!-- This site is optimized with the Yoast SEO plugin v24.6 - https:\/\/yoast.com\/wordpress\/plugins\/seo\/ -->\n<title>Por a la mort<\/title>\n<meta name=\"description\" content=\"Els humans sabem que morirem, aquesta \u00e9s la difer\u00e8ncia amb els animals.\" \/>\n<meta name=\"robots\" content=\"index, follow, max-snippet:-1, max-image-preview:large, max-video-preview:-1\" \/>\n<link rel=\"canonical\" href=\"https:\/\/psicoclinicabarcelona.com\/ca\/por-a-la-mort\/\" \/>\n<meta property=\"og:locale\" content=\"ca_ES\" \/>\n<meta property=\"og:type\" content=\"article\" \/>\n<meta property=\"og:title\" content=\"Por a la mort\" \/>\n<meta property=\"og:description\" content=\"Els humans sabem que morirem, aquesta \u00e9s la difer\u00e8ncia amb els animals.\" \/>\n<meta property=\"og:url\" content=\"https:\/\/psicoclinicabarcelona.com\/ca\/por-a-la-mort\/\" \/>\n<meta property=\"og:site_name\" content=\"Psicocl\u00ednica Barcelona\" \/>\n<meta property=\"article:publisher\" content=\"https:\/\/www.facebook.com\/PsicoclinicaBarcelona\/\" \/>\n<meta property=\"article:published_time\" content=\"2017-06-22T15:33:16+00:00\" \/>\n<meta property=\"article:modified_time\" content=\"2023-04-25T11:54:22+00:00\" \/>\n<meta property=\"og:image\" content=\"https:\/\/psicoclinicabarcelona.com\/wp-content\/uploads\/2017\/06\/muerte.jpg\" \/>\n\t<meta property=\"og:image:width\" content=\"129\" \/>\n\t<meta property=\"og:image:height\" content=\"86\" \/>\n\t<meta property=\"og:image:type\" content=\"image\/jpeg\" \/>\n<meta name=\"author\" content=\"Psicocl\u00ednica Barcelona\" \/>\n<meta name=\"twitter:label1\" content=\"Escrit per\" \/>\n\t<meta name=\"twitter:data1\" content=\"Psicocl\u00ednica Barcelona\" \/>\n\t<meta name=\"twitter:label2\" content=\"Temps estimat de lectura\" \/>\n\t<meta name=\"twitter:data2\" content=\"3 minuts\" \/>\n<script type=\"application\/ld+json\" class=\"yoast-schema-graph\">{\"@context\":\"https:\/\/schema.org\",\"@graph\":[{\"@type\":\"Article\",\"@id\":\"https:\/\/psicoclinicabarcelona.com\/ca\/por-a-la-mort\/#article\",\"isPartOf\":{\"@id\":\"https:\/\/psicoclinicabarcelona.com\/ca\/por-a-la-mort\/\"},\"author\":{\"name\":\"Psicocl\u00ednica Barcelona\",\"@id\":\"https:\/\/psicoclinicabarcelona.com\/#\/schema\/person\/1574f51c650f739d65f33a40a8acbbaa\"},\"headline\":\"Por a la mort\",\"datePublished\":\"2017-06-22T15:33:16+00:00\",\"dateModified\":\"2023-04-25T11:54:22+00:00\",\"mainEntityOfPage\":{\"@id\":\"https:\/\/psicoclinicabarcelona.com\/ca\/por-a-la-mort\/\"},\"wordCount\":573,\"publisher\":{\"@id\":\"https:\/\/psicoclinicabarcelona.com\/#organization\"},\"image\":{\"@id\":\"https:\/\/psicoclinicabarcelona.com\/ca\/por-a-la-mort\/#primaryimage\"},\"thumbnailUrl\":\"https:\/\/psicoclinicabarcelona.com\/wp-content\/uploads\/2017\/06\/tenemos_miedo_a_morir.jpg\",\"articleSection\":[\"Psic\u00f2legs Barcelona\",\"Psic\u00f3logo Barcelona\",\"Psic\u00f3logo Barcelona\"],\"inLanguage\":\"ca\"},{\"@type\":\"WebPage\",\"@id\":\"https:\/\/psicoclinicabarcelona.com\/ca\/por-a-la-mort\/\",\"url\":\"https:\/\/psicoclinicabarcelona.com\/ca\/por-a-la-mort\/\",\"name\":\"Por a la mort\",\"isPartOf\":{\"@id\":\"https:\/\/psicoclinicabarcelona.com\/#website\"},\"primaryImageOfPage\":{\"@id\":\"https:\/\/psicoclinicabarcelona.com\/ca\/por-a-la-mort\/#primaryimage\"},\"image\":{\"@id\":\"https:\/\/psicoclinicabarcelona.com\/ca\/por-a-la-mort\/#primaryimage\"},\"thumbnailUrl\":\"https:\/\/psicoclinicabarcelona.com\/wp-content\/uploads\/2017\/06\/tenemos_miedo_a_morir.jpg\",\"datePublished\":\"2017-06-22T15:33:16+00:00\",\"dateModified\":\"2023-04-25T11:54:22+00:00\",\"description\":\"Els humans sabem que morirem, aquesta \u00e9s la difer\u00e8ncia amb els animals.\",\"breadcrumb\":{\"@id\":\"https:\/\/psicoclinicabarcelona.com\/ca\/por-a-la-mort\/#breadcrumb\"},\"inLanguage\":\"ca\",\"potentialAction\":[{\"@type\":\"ReadAction\",\"target\":[\"https:\/\/psicoclinicabarcelona.com\/ca\/por-a-la-mort\/\"]}]},{\"@type\":\"ImageObject\",\"inLanguage\":\"ca\",\"@id\":\"https:\/\/psicoclinicabarcelona.com\/ca\/por-a-la-mort\/#primaryimage\",\"url\":\"https:\/\/psicoclinicabarcelona.com\/wp-content\/uploads\/2017\/06\/tenemos_miedo_a_morir.jpg\",\"contentUrl\":\"https:\/\/psicoclinicabarcelona.com\/wp-content\/uploads\/2017\/06\/tenemos_miedo_a_morir.jpg\",\"width\":1024,\"height\":683,\"caption\":\"miedo a morir\"},{\"@type\":\"BreadcrumbList\",\"@id\":\"https:\/\/psicoclinicabarcelona.com\/ca\/por-a-la-mort\/#breadcrumb\",\"itemListElement\":[{\"@type\":\"ListItem\",\"position\":1,\"name\":\"Portada\",\"item\":\"https:\/\/psicoclinicabarcelona.com\/ca\/\"},{\"@type\":\"ListItem\",\"position\":2,\"name\":\"Por a la mort\"}]},{\"@type\":\"WebSite\",\"@id\":\"https:\/\/psicoclinicabarcelona.com\/#website\",\"url\":\"https:\/\/psicoclinicabarcelona.com\/\",\"name\":\"Psicocl\u00ednica Barcelona\",\"description\":\"Posiblemente el mejor psic\u00f3logo en Barcelona o la mejor psic\u00f3loga de Barcelona. Ll\u00e1manos sin compromiso al 935 414 478\",\"publisher\":{\"@id\":\"https:\/\/psicoclinicabarcelona.com\/#organization\"},\"alternateName\":\"Psicocl\u00ednica Barcelona\",\"potentialAction\":[{\"@type\":\"SearchAction\",\"target\":{\"@type\":\"EntryPoint\",\"urlTemplate\":\"https:\/\/psicoclinicabarcelona.com\/?s={search_term_string}\"},\"query-input\":{\"@type\":\"PropertyValueSpecification\",\"valueRequired\":true,\"valueName\":\"search_term_string\"}}],\"inLanguage\":\"ca\"},{\"@type\":\"Organization\",\"@id\":\"https:\/\/psicoclinicabarcelona.com\/#organization\",\"name\":\"Psicocl\u00ednica Barcelona\",\"alternateName\":\"Psicocl\u00ednica Barcelona\",\"url\":\"https:\/\/psicoclinicabarcelona.com\/\",\"logo\":{\"@type\":\"ImageObject\",\"inLanguage\":\"ca\",\"@id\":\"https:\/\/psicoclinicabarcelona.com\/#\/schema\/logo\/image\/\",\"url\":\"https:\/\/psicoclinicabarcelona.com\/wp-content\/uploads\/2015\/04\/psicologos-barcelona.png\",\"contentUrl\":\"https:\/\/psicoclinicabarcelona.com\/wp-content\/uploads\/2015\/04\/psicologos-barcelona.png\",\"width\":178,\"height\":62,\"caption\":\"Psicocl\u00ednica Barcelona\"},\"image\":{\"@id\":\"https:\/\/psicoclinicabarcelona.com\/#\/schema\/logo\/image\/\"},\"sameAs\":[\"https:\/\/www.facebook.com\/PsicoclinicaBarcelona\/\",\"https:\/\/x.com\/psicoclinicabcn\",\"https:\/\/www.linkedin.com\/company\/psicocl\u00ednica-barcelona\/\",\"https:\/\/www.instagram.com\/psicoclinicabarcelona\/\",\"https:\/\/www.youtube.com\/channel\/UCcc-5_wC56giASuT0XDr87Q\"]},{\"@type\":\"Person\",\"@id\":\"https:\/\/psicoclinicabarcelona.com\/#\/schema\/person\/1574f51c650f739d65f33a40a8acbbaa\",\"name\":\"Psicocl\u00ednica Barcelona\"}]}<\/script>\n<!-- \/ Yoast SEO plugin. -->","yoast_head_json":{"title":"Por a la mort","description":"Els humans sabem que morirem, aquesta \u00e9s la difer\u00e8ncia amb els animals.","robots":{"index":"index","follow":"follow","max-snippet":"max-snippet:-1","max-image-preview":"max-image-preview:large","max-video-preview":"max-video-preview:-1"},"canonical":"https:\/\/psicoclinicabarcelona.com\/ca\/por-a-la-mort\/","og_locale":"ca_ES","og_type":"article","og_title":"Por a la mort","og_description":"Els humans sabem que morirem, aquesta \u00e9s la difer\u00e8ncia amb els animals.","og_url":"https:\/\/psicoclinicabarcelona.com\/ca\/por-a-la-mort\/","og_site_name":"Psicocl\u00ednica Barcelona","article_publisher":"https:\/\/www.facebook.com\/PsicoclinicaBarcelona\/","article_published_time":"2017-06-22T15:33:16+00:00","article_modified_time":"2023-04-25T11:54:22+00:00","og_image":[{"width":129,"height":86,"url":"https:\/\/psicoclinicabarcelona.com\/wp-content\/uploads\/2017\/06\/muerte.jpg","type":"image\/jpeg"}],"author":"Psicocl\u00ednica Barcelona","twitter_misc":{"Escrit per":"Psicocl\u00ednica Barcelona","Temps estimat de lectura":"3 minuts"},"schema":{"@context":"https:\/\/schema.org","@graph":[{"@type":"Article","@id":"https:\/\/psicoclinicabarcelona.com\/ca\/por-a-la-mort\/#article","isPartOf":{"@id":"https:\/\/psicoclinicabarcelona.com\/ca\/por-a-la-mort\/"},"author":{"name":"Psicocl\u00ednica Barcelona","@id":"https:\/\/psicoclinicabarcelona.com\/#\/schema\/person\/1574f51c650f739d65f33a40a8acbbaa"},"headline":"Por a la mort","datePublished":"2017-06-22T15:33:16+00:00","dateModified":"2023-04-25T11:54:22+00:00","mainEntityOfPage":{"@id":"https:\/\/psicoclinicabarcelona.com\/ca\/por-a-la-mort\/"},"wordCount":573,"publisher":{"@id":"https:\/\/psicoclinicabarcelona.com\/#organization"},"image":{"@id":"https:\/\/psicoclinicabarcelona.com\/ca\/por-a-la-mort\/#primaryimage"},"thumbnailUrl":"https:\/\/psicoclinicabarcelona.com\/wp-content\/uploads\/2017\/06\/tenemos_miedo_a_morir.jpg","articleSection":["Psic\u00f2legs Barcelona","Psic\u00f3logo Barcelona","Psic\u00f3logo Barcelona"],"inLanguage":"ca"},{"@type":"WebPage","@id":"https:\/\/psicoclinicabarcelona.com\/ca\/por-a-la-mort\/","url":"https:\/\/psicoclinicabarcelona.com\/ca\/por-a-la-mort\/","name":"Por a la mort","isPartOf":{"@id":"https:\/\/psicoclinicabarcelona.com\/#website"},"primaryImageOfPage":{"@id":"https:\/\/psicoclinicabarcelona.com\/ca\/por-a-la-mort\/#primaryimage"},"image":{"@id":"https:\/\/psicoclinicabarcelona.com\/ca\/por-a-la-mort\/#primaryimage"},"thumbnailUrl":"https:\/\/psicoclinicabarcelona.com\/wp-content\/uploads\/2017\/06\/tenemos_miedo_a_morir.jpg","datePublished":"2017-06-22T15:33:16+00:00","dateModified":"2023-04-25T11:54:22+00:00","description":"Els humans sabem que morirem, aquesta \u00e9s la difer\u00e8ncia amb els animals.","breadcrumb":{"@id":"https:\/\/psicoclinicabarcelona.com\/ca\/por-a-la-mort\/#breadcrumb"},"inLanguage":"ca","potentialAction":[{"@type":"ReadAction","target":["https:\/\/psicoclinicabarcelona.com\/ca\/por-a-la-mort\/"]}]},{"@type":"ImageObject","inLanguage":"ca","@id":"https:\/\/psicoclinicabarcelona.com\/ca\/por-a-la-mort\/#primaryimage","url":"https:\/\/psicoclinicabarcelona.com\/wp-content\/uploads\/2017\/06\/tenemos_miedo_a_morir.jpg","contentUrl":"https:\/\/psicoclinicabarcelona.com\/wp-content\/uploads\/2017\/06\/tenemos_miedo_a_morir.jpg","width":1024,"height":683,"caption":"miedo a morir"},{"@type":"BreadcrumbList","@id":"https:\/\/psicoclinicabarcelona.com\/ca\/por-a-la-mort\/#breadcrumb","itemListElement":[{"@type":"ListItem","position":1,"name":"Portada","item":"https:\/\/psicoclinicabarcelona.com\/ca\/"},{"@type":"ListItem","position":2,"name":"Por a la mort"}]},{"@type":"WebSite","@id":"https:\/\/psicoclinicabarcelona.com\/#website","url":"https:\/\/psicoclinicabarcelona.com\/","name":"Psicocl\u00ednica Barcelona","description":"Posiblemente el mejor psic\u00f3logo en Barcelona o la mejor psic\u00f3loga de Barcelona. Ll\u00e1manos sin compromiso al 935 414 478","publisher":{"@id":"https:\/\/psicoclinicabarcelona.com\/#organization"},"alternateName":"Psicocl\u00ednica Barcelona","potentialAction":[{"@type":"SearchAction","target":{"@type":"EntryPoint","urlTemplate":"https:\/\/psicoclinicabarcelona.com\/?s={search_term_string}"},"query-input":{"@type":"PropertyValueSpecification","valueRequired":true,"valueName":"search_term_string"}}],"inLanguage":"ca"},{"@type":"Organization","@id":"https:\/\/psicoclinicabarcelona.com\/#organization","name":"Psicocl\u00ednica Barcelona","alternateName":"Psicocl\u00ednica Barcelona","url":"https:\/\/psicoclinicabarcelona.com\/","logo":{"@type":"ImageObject","inLanguage":"ca","@id":"https:\/\/psicoclinicabarcelona.com\/#\/schema\/logo\/image\/","url":"https:\/\/psicoclinicabarcelona.com\/wp-content\/uploads\/2015\/04\/psicologos-barcelona.png","contentUrl":"https:\/\/psicoclinicabarcelona.com\/wp-content\/uploads\/2015\/04\/psicologos-barcelona.png","width":178,"height":62,"caption":"Psicocl\u00ednica Barcelona"},"image":{"@id":"https:\/\/psicoclinicabarcelona.com\/#\/schema\/logo\/image\/"},"sameAs":["https:\/\/www.facebook.com\/PsicoclinicaBarcelona\/","https:\/\/x.com\/psicoclinicabcn","https:\/\/www.linkedin.com\/company\/psicocl\u00ednica-barcelona\/","https:\/\/www.instagram.com\/psicoclinicabarcelona\/","https:\/\/www.youtube.com\/channel\/UCcc-5_wC56giASuT0XDr87Q"]},{"@type":"Person","@id":"https:\/\/psicoclinicabarcelona.com\/#\/schema\/person\/1574f51c650f739d65f33a40a8acbbaa","name":"Psicocl\u00ednica Barcelona"}]}},"_links":{"self":[{"href":"https:\/\/psicoclinicabarcelona.com\/ca\/wp-json\/wp\/v2\/posts\/2263"}],"collection":[{"href":"https:\/\/psicoclinicabarcelona.com\/ca\/wp-json\/wp\/v2\/posts"}],"about":[{"href":"https:\/\/psicoclinicabarcelona.com\/ca\/wp-json\/wp\/v2\/types\/post"}],"author":[{"embeddable":true,"href":"https:\/\/psicoclinicabarcelona.com\/ca\/wp-json\/wp\/v2\/users\/5"}],"replies":[{"embeddable":true,"href":"https:\/\/psicoclinicabarcelona.com\/ca\/wp-json\/wp\/v2\/comments?post=2263"}],"version-history":[{"count":1,"href":"https:\/\/psicoclinicabarcelona.com\/ca\/wp-json\/wp\/v2\/posts\/2263\/revisions"}],"predecessor-version":[{"id":2264,"href":"https:\/\/psicoclinicabarcelona.com\/ca\/wp-json\/wp\/v2\/posts\/2263\/revisions\/2264"}],"wp:featuredmedia":[{"embeddable":true,"href":"https:\/\/psicoclinicabarcelona.com\/ca\/wp-json\/wp\/v2\/media\/7244"}],"wp:attachment":[{"href":"https:\/\/psicoclinicabarcelona.com\/ca\/wp-json\/wp\/v2\/media?parent=2263"}],"wp:term":[{"taxonomy":"category","embeddable":true,"href":"https:\/\/psicoclinicabarcelona.com\/ca\/wp-json\/wp\/v2\/categories?post=2263"},{"taxonomy":"post_tag","embeddable":true,"href":"https:\/\/psicoclinicabarcelona.com\/ca\/wp-json\/wp\/v2\/tags?post=2263"},{"taxonomy":"post_series","embeddable":true,"href":"https:\/\/psicoclinicabarcelona.com\/ca\/wp-json\/wp\/v2\/post_series?post=2263"}],"curies":[{"name":"wp","href":"https:\/\/api.w.org\/{rel}","templated":true}]}}