{"id":2303,"date":"2017-09-13T07:53:02","date_gmt":"2017-09-13T07:53:02","guid":{"rendered":"http:\/\/psicoclinicabarcelona.com\/?p=2303\/"},"modified":"2021-12-22T12:04:19","modified_gmt":"2021-12-22T10:04:19","slug":"comunicat","status":"publish","type":"post","link":"https:\/\/psicoclinicabarcelona.com\/ca\/comunicat\/","title":{"rendered":"Comunicat"},"content":{"rendered":"<p><img decoding=\"async\" class=\"aligncenter wp-image-2297 \" src=\"https:\/\/psicoclinicabarcelona.com\/wp-content\/uploads\/2021\/12\/barcelona_comunicado.jpg\" alt=\"comunicat barcelona\" width=\"685\" height=\"675\" \/><\/p>\n<p>Des de Psicocl\u00ednica Barcelona volem expressar el nostre rebuig a qualsevol expressi\u00f3 de viol\u00e8ncia i volem manifestar el nostre dolor davant la barb\u00e0rie i l\u2019atrocitat patida ahir al cor de la nostra ciutat, Barcelona.<\/p>\n<p>&nbsp;<\/p>\n<p>Tot el nostre suport a les v\u00edctimes i als seus familiars aix\u00ed com les nostres condol\u00e8ncies.<\/p>\n","protected":false},"excerpt":{"rendered":"<p>Des de Psicocl\u00ednica Barcelona volem expressar el nostre rebuig a qualsevol expressi\u00f3 de viol\u00e8ncia i volem manifestar el nostre dolor davant la barb\u00e0rie i l\u2019atrocitat patida ahir al cor de la nostra ciutat, Barcelona. &nbsp; Tot el nostre suport a les v\u00edctimes i als seus familiars aix\u00ed com les nostres condol\u00e8ncies.<\/p>\n","protected":false},"author":5,"featured_media":2304,"comment_status":"closed","ping_status":"closed","sticky":false,"template":"","format":"standard","meta":{"footnotes":""},"categories":[125,3,38],"tags":[],"post_series":[],"class_list":["post-2303","post","type-post","status-publish","format-standard","has-post-thumbnail","hentry","category-articulos-ca","category-articulos","category-psicoleg-barcelona","entry","has-media"],"yoast_head":"<!-- This site is optimized with the Yoast SEO plugin v24.6 - https:\/\/yoast.com\/wordpress\/plugins\/seo\/ -->\n<title>Comunicat<\/title>\n<meta name=\"description\" content=\"Des de Psicocl\u00ednica Barcelona volem expressar el nostre rebuig a qualsevol expressi\u00f3 de viol\u00e8ncia i volem manifestar el nostre dolor davant la barb\u00e0rie i\" \/>\n<meta name=\"robots\" content=\"index, follow, max-snippet:-1, max-image-preview:large, max-video-preview:-1\" \/>\n<link rel=\"canonical\" href=\"https:\/\/psicoclinicabarcelona.com\/ca\/comunicat\/\" \/>\n<meta property=\"og:locale\" content=\"ca_ES\" \/>\n<meta property=\"og:type\" content=\"article\" \/>\n<meta property=\"og:title\" content=\"Comunicat\" \/>\n<meta property=\"og:description\" content=\"Des de Psicocl\u00ednica Barcelona volem expressar el nostre rebuig a qualsevol expressi\u00f3 de viol\u00e8ncia i volem manifestar el nostre dolor davant la barb\u00e0rie i\" \/>\n<meta property=\"og:url\" content=\"https:\/\/psicoclinicabarcelona.com\/ca\/comunicat\/\" \/>\n<meta property=\"og:site_name\" content=\"Psicocl\u00ednica Barcelona\" \/>\n<meta property=\"article:publisher\" content=\"https:\/\/www.facebook.com\/PsicoclinicaBarcelona\/\" \/>\n<meta property=\"article:published_time\" content=\"2017-09-13T07:53:02+00:00\" \/>\n<meta property=\"article:modified_time\" content=\"2021-12-22T10:04:19+00:00\" \/>\n<meta property=\"og:image\" content=\"https:\/\/psicoclinicabarcelona.com\/wp-content\/uploads\/2017\/09\/crespon-negro-2.png\" \/>\n\t<meta property=\"og:image:width\" content=\"600\" \/>\n\t<meta property=\"og:image:height\" content=\"600\" \/>\n\t<meta property=\"og:image:type\" content=\"image\/png\" \/>\n<meta name=\"author\" content=\"Psicocl\u00ednica Barcelona\" \/>\n<meta name=\"twitter:label1\" content=\"Escrit per\" \/>\n\t<meta name=\"twitter:data1\" content=\"Psicocl\u00ednica Barcelona\" \/>\n<script type=\"application\/ld+json\" class=\"yoast-schema-graph\">{\"@context\":\"https:\/\/schema.org\",\"@graph\":[{\"@type\":\"Article\",\"@id\":\"https:\/\/psicoclinicabarcelona.com\/ca\/comunicat\/#article\",\"isPartOf\":{\"@id\":\"https:\/\/psicoclinicabarcelona.com\/ca\/comunicat\/\"},\"author\":{\"name\":\"Psicocl\u00ednica Barcelona\",\"@id\":\"https:\/\/psicoclinicabarcelona.com\/#\/schema\/person\/1574f51c650f739d65f33a40a8acbbaa\"},\"headline\":\"Comunicat\",\"datePublished\":\"2017-09-13T07:53:02+00:00\",\"dateModified\":\"2021-12-22T10:04:19+00:00\",\"mainEntityOfPage\":{\"@id\":\"https:\/\/psicoclinicabarcelona.com\/ca\/comunicat\/\"},\"wordCount\":58,\"publisher\":{\"@id\":\"https:\/\/psicoclinicabarcelona.com\/#organization\"},\"image\":{\"@id\":\"https:\/\/psicoclinicabarcelona.com\/ca\/comunicat\/#primaryimage\"},\"thumbnailUrl\":\"https:\/\/psicoclinicabarcelona.com\/wp-content\/uploads\/2017\/09\/crespon-negro-2.png\",\"articleSection\":[\"Art\u00edculos\",\"Art\u00edculos\",\"Psic\u00f2leg Barcelona\"],\"inLanguage\":\"ca\"},{\"@type\":\"WebPage\",\"@id\":\"https:\/\/psicoclinicabarcelona.com\/ca\/comunicat\/\",\"url\":\"https:\/\/psicoclinicabarcelona.com\/ca\/comunicat\/\",\"name\":\"Comunicat\",\"isPartOf\":{\"@id\":\"https:\/\/psicoclinicabarcelona.com\/#website\"},\"primaryImageOfPage\":{\"@id\":\"https:\/\/psicoclinicabarcelona.com\/ca\/comunicat\/#primaryimage\"},\"image\":{\"@id\":\"https:\/\/psicoclinicabarcelona.com\/ca\/comunicat\/#primaryimage\"},\"thumbnailUrl\":\"https:\/\/psicoclinicabarcelona.com\/wp-content\/uploads\/2017\/09\/crespon-negro-2.png\",\"datePublished\":\"2017-09-13T07:53:02+00:00\",\"dateModified\":\"2021-12-22T10:04:19+00:00\",\"description\":\"Des de Psicocl\u00ednica Barcelona volem expressar el nostre rebuig a qualsevol expressi\u00f3 de viol\u00e8ncia i volem manifestar el nostre dolor davant la barb\u00e0rie i\",\"breadcrumb\":{\"@id\":\"https:\/\/psicoclinicabarcelona.com\/ca\/comunicat\/#breadcrumb\"},\"inLanguage\":\"ca\",\"potentialAction\":[{\"@type\":\"ReadAction\",\"target\":[\"https:\/\/psicoclinicabarcelona.com\/ca\/comunicat\/\"]}]},{\"@type\":\"ImageObject\",\"inLanguage\":\"ca\",\"@id\":\"https:\/\/psicoclinicabarcelona.com\/ca\/comunicat\/#primaryimage\",\"url\":\"https:\/\/psicoclinicabarcelona.com\/wp-content\/uploads\/2017\/09\/crespon-negro-2.png\",\"contentUrl\":\"https:\/\/psicoclinicabarcelona.com\/wp-content\/uploads\/2017\/09\/crespon-negro-2.png\",\"width\":600,\"height\":600,\"caption\":\"lazo negro\"},{\"@type\":\"BreadcrumbList\",\"@id\":\"https:\/\/psicoclinicabarcelona.com\/ca\/comunicat\/#breadcrumb\",\"itemListElement\":[{\"@type\":\"ListItem\",\"position\":1,\"name\":\"Portada\",\"item\":\"https:\/\/psicoclinicabarcelona.com\/ca\/\"},{\"@type\":\"ListItem\",\"position\":2,\"name\":\"Comunicat\"}]},{\"@type\":\"WebSite\",\"@id\":\"https:\/\/psicoclinicabarcelona.com\/#website\",\"url\":\"https:\/\/psicoclinicabarcelona.com\/\",\"name\":\"Psicocl\u00ednica Barcelona\",\"description\":\"Posiblemente el mejor psic\u00f3logo en Barcelona o la mejor psic\u00f3loga de Barcelona. Ll\u00e1manos sin compromiso al 935 414 478\",\"publisher\":{\"@id\":\"https:\/\/psicoclinicabarcelona.com\/#organization\"},\"alternateName\":\"Psicocl\u00ednica Barcelona\",\"potentialAction\":[{\"@type\":\"SearchAction\",\"target\":{\"@type\":\"EntryPoint\",\"urlTemplate\":\"https:\/\/psicoclinicabarcelona.com\/?s={search_term_string}\"},\"query-input\":{\"@type\":\"PropertyValueSpecification\",\"valueRequired\":true,\"valueName\":\"search_term_string\"}}],\"inLanguage\":\"ca\"},{\"@type\":\"Organization\",\"@id\":\"https:\/\/psicoclinicabarcelona.com\/#organization\",\"name\":\"Psicocl\u00ednica Barcelona\",\"alternateName\":\"Psicocl\u00ednica Barcelona\",\"url\":\"https:\/\/psicoclinicabarcelona.com\/\",\"logo\":{\"@type\":\"ImageObject\",\"inLanguage\":\"ca\",\"@id\":\"https:\/\/psicoclinicabarcelona.com\/#\/schema\/logo\/image\/\",\"url\":\"https:\/\/psicoclinicabarcelona.com\/wp-content\/uploads\/2015\/04\/psicologos-barcelona.png\",\"contentUrl\":\"https:\/\/psicoclinicabarcelona.com\/wp-content\/uploads\/2015\/04\/psicologos-barcelona.png\",\"width\":178,\"height\":62,\"caption\":\"Psicocl\u00ednica Barcelona\"},\"image\":{\"@id\":\"https:\/\/psicoclinicabarcelona.com\/#\/schema\/logo\/image\/\"},\"sameAs\":[\"https:\/\/www.facebook.com\/PsicoclinicaBarcelona\/\",\"https:\/\/x.com\/psicoclinicabcn\",\"https:\/\/www.linkedin.com\/company\/psicocl\u00ednica-barcelona\/\",\"https:\/\/www.instagram.com\/psicoclinicabarcelona\/\",\"https:\/\/www.youtube.com\/channel\/UCcc-5_wC56giASuT0XDr87Q\"]},{\"@type\":\"Person\",\"@id\":\"https:\/\/psicoclinicabarcelona.com\/#\/schema\/person\/1574f51c650f739d65f33a40a8acbbaa\",\"name\":\"Psicocl\u00ednica Barcelona\"}]}<\/script>\n<!-- \/ Yoast SEO plugin. -->","yoast_head_json":{"title":"Comunicat","description":"Des de Psicocl\u00ednica Barcelona volem expressar el nostre rebuig a qualsevol expressi\u00f3 de viol\u00e8ncia i volem manifestar el nostre dolor davant la barb\u00e0rie i","robots":{"index":"index","follow":"follow","max-snippet":"max-snippet:-1","max-image-preview":"max-image-preview:large","max-video-preview":"max-video-preview:-1"},"canonical":"https:\/\/psicoclinicabarcelona.com\/ca\/comunicat\/","og_locale":"ca_ES","og_type":"article","og_title":"Comunicat","og_description":"Des de Psicocl\u00ednica Barcelona volem expressar el nostre rebuig a qualsevol expressi\u00f3 de viol\u00e8ncia i volem manifestar el nostre dolor davant la barb\u00e0rie i","og_url":"https:\/\/psicoclinicabarcelona.com\/ca\/comunicat\/","og_site_name":"Psicocl\u00ednica Barcelona","article_publisher":"https:\/\/www.facebook.com\/PsicoclinicaBarcelona\/","article_published_time":"2017-09-13T07:53:02+00:00","article_modified_time":"2021-12-22T10:04:19+00:00","og_image":[{"width":600,"height":600,"url":"https:\/\/psicoclinicabarcelona.com\/wp-content\/uploads\/2017\/09\/crespon-negro-2.png","type":"image\/png"}],"author":"Psicocl\u00ednica Barcelona","twitter_misc":{"Escrit per":"Psicocl\u00ednica Barcelona"},"schema":{"@context":"https:\/\/schema.org","@graph":[{"@type":"Article","@id":"https:\/\/psicoclinicabarcelona.com\/ca\/comunicat\/#article","isPartOf":{"@id":"https:\/\/psicoclinicabarcelona.com\/ca\/comunicat\/"},"author":{"name":"Psicocl\u00ednica Barcelona","@id":"https:\/\/psicoclinicabarcelona.com\/#\/schema\/person\/1574f51c650f739d65f33a40a8acbbaa"},"headline":"Comunicat","datePublished":"2017-09-13T07:53:02+00:00","dateModified":"2021-12-22T10:04:19+00:00","mainEntityOfPage":{"@id":"https:\/\/psicoclinicabarcelona.com\/ca\/comunicat\/"},"wordCount":58,"publisher":{"@id":"https:\/\/psicoclinicabarcelona.com\/#organization"},"image":{"@id":"https:\/\/psicoclinicabarcelona.com\/ca\/comunicat\/#primaryimage"},"thumbnailUrl":"https:\/\/psicoclinicabarcelona.com\/wp-content\/uploads\/2017\/09\/crespon-negro-2.png","articleSection":["Art\u00edculos","Art\u00edculos","Psic\u00f2leg Barcelona"],"inLanguage":"ca"},{"@type":"WebPage","@id":"https:\/\/psicoclinicabarcelona.com\/ca\/comunicat\/","url":"https:\/\/psicoclinicabarcelona.com\/ca\/comunicat\/","name":"Comunicat","isPartOf":{"@id":"https:\/\/psicoclinicabarcelona.com\/#website"},"primaryImageOfPage":{"@id":"https:\/\/psicoclinicabarcelona.com\/ca\/comunicat\/#primaryimage"},"image":{"@id":"https:\/\/psicoclinicabarcelona.com\/ca\/comunicat\/#primaryimage"},"thumbnailUrl":"https:\/\/psicoclinicabarcelona.com\/wp-content\/uploads\/2017\/09\/crespon-negro-2.png","datePublished":"2017-09-13T07:53:02+00:00","dateModified":"2021-12-22T10:04:19+00:00","description":"Des de Psicocl\u00ednica Barcelona volem expressar el nostre rebuig a qualsevol expressi\u00f3 de viol\u00e8ncia i volem manifestar el nostre dolor davant la barb\u00e0rie i","breadcrumb":{"@id":"https:\/\/psicoclinicabarcelona.com\/ca\/comunicat\/#breadcrumb"},"inLanguage":"ca","potentialAction":[{"@type":"ReadAction","target":["https:\/\/psicoclinicabarcelona.com\/ca\/comunicat\/"]}]},{"@type":"ImageObject","inLanguage":"ca","@id":"https:\/\/psicoclinicabarcelona.com\/ca\/comunicat\/#primaryimage","url":"https:\/\/psicoclinicabarcelona.com\/wp-content\/uploads\/2017\/09\/crespon-negro-2.png","contentUrl":"https:\/\/psicoclinicabarcelona.com\/wp-content\/uploads\/2017\/09\/crespon-negro-2.png","width":600,"height":600,"caption":"lazo negro"},{"@type":"BreadcrumbList","@id":"https:\/\/psicoclinicabarcelona.com\/ca\/comunicat\/#breadcrumb","itemListElement":[{"@type":"ListItem","position":1,"name":"Portada","item":"https:\/\/psicoclinicabarcelona.com\/ca\/"},{"@type":"ListItem","position":2,"name":"Comunicat"}]},{"@type":"WebSite","@id":"https:\/\/psicoclinicabarcelona.com\/#website","url":"https:\/\/psicoclinicabarcelona.com\/","name":"Psicocl\u00ednica Barcelona","description":"Posiblemente el mejor psic\u00f3logo en Barcelona o la mejor psic\u00f3loga de Barcelona. Ll\u00e1manos sin compromiso al 935 414 478","publisher":{"@id":"https:\/\/psicoclinicabarcelona.com\/#organization"},"alternateName":"Psicocl\u00ednica Barcelona","potentialAction":[{"@type":"SearchAction","target":{"@type":"EntryPoint","urlTemplate":"https:\/\/psicoclinicabarcelona.com\/?s={search_term_string}"},"query-input":{"@type":"PropertyValueSpecification","valueRequired":true,"valueName":"search_term_string"}}],"inLanguage":"ca"},{"@type":"Organization","@id":"https:\/\/psicoclinicabarcelona.com\/#organization","name":"Psicocl\u00ednica Barcelona","alternateName":"Psicocl\u00ednica Barcelona","url":"https:\/\/psicoclinicabarcelona.com\/","logo":{"@type":"ImageObject","inLanguage":"ca","@id":"https:\/\/psicoclinicabarcelona.com\/#\/schema\/logo\/image\/","url":"https:\/\/psicoclinicabarcelona.com\/wp-content\/uploads\/2015\/04\/psicologos-barcelona.png","contentUrl":"https:\/\/psicoclinicabarcelona.com\/wp-content\/uploads\/2015\/04\/psicologos-barcelona.png","width":178,"height":62,"caption":"Psicocl\u00ednica Barcelona"},"image":{"@id":"https:\/\/psicoclinicabarcelona.com\/#\/schema\/logo\/image\/"},"sameAs":["https:\/\/www.facebook.com\/PsicoclinicaBarcelona\/","https:\/\/x.com\/psicoclinicabcn","https:\/\/www.linkedin.com\/company\/psicocl\u00ednica-barcelona\/","https:\/\/www.instagram.com\/psicoclinicabarcelona\/","https:\/\/www.youtube.com\/channel\/UCcc-5_wC56giASuT0XDr87Q"]},{"@type":"Person","@id":"https:\/\/psicoclinicabarcelona.com\/#\/schema\/person\/1574f51c650f739d65f33a40a8acbbaa","name":"Psicocl\u00ednica Barcelona"}]}},"_links":{"self":[{"href":"https:\/\/psicoclinicabarcelona.com\/ca\/wp-json\/wp\/v2\/posts\/2303"}],"collection":[{"href":"https:\/\/psicoclinicabarcelona.com\/ca\/wp-json\/wp\/v2\/posts"}],"about":[{"href":"https:\/\/psicoclinicabarcelona.com\/ca\/wp-json\/wp\/v2\/types\/post"}],"author":[{"embeddable":true,"href":"https:\/\/psicoclinicabarcelona.com\/ca\/wp-json\/wp\/v2\/users\/5"}],"replies":[{"embeddable":true,"href":"https:\/\/psicoclinicabarcelona.com\/ca\/wp-json\/wp\/v2\/comments?post=2303"}],"version-history":[{"count":4,"href":"https:\/\/psicoclinicabarcelona.com\/ca\/wp-json\/wp\/v2\/posts\/2303\/revisions"}],"predecessor-version":[{"id":4115,"href":"https:\/\/psicoclinicabarcelona.com\/ca\/wp-json\/wp\/v2\/posts\/2303\/revisions\/4115"}],"wp:featuredmedia":[{"embeddable":true,"href":"https:\/\/psicoclinicabarcelona.com\/ca\/wp-json\/wp\/v2\/media\/2304"}],"wp:attachment":[{"href":"https:\/\/psicoclinicabarcelona.com\/ca\/wp-json\/wp\/v2\/media?parent=2303"}],"wp:term":[{"taxonomy":"category","embeddable":true,"href":"https:\/\/psicoclinicabarcelona.com\/ca\/wp-json\/wp\/v2\/categories?post=2303"},{"taxonomy":"post_tag","embeddable":true,"href":"https:\/\/psicoclinicabarcelona.com\/ca\/wp-json\/wp\/v2\/tags?post=2303"},{"taxonomy":"post_series","embeddable":true,"href":"https:\/\/psicoclinicabarcelona.com\/ca\/wp-json\/wp\/v2\/post_series?post=2303"}],"curies":[{"name":"wp","href":"https:\/\/api.w.org\/{rel}","templated":true}]}}