{"id":6289,"date":"2023-03-08T16:12:40","date_gmt":"2023-03-08T15:12:40","guid":{"rendered":"https:\/\/psicoclinicabarcelona.com\/que-es-la-fobia-social-y-como-tratarla\/"},"modified":"2024-05-16T19:22:14","modified_gmt":"2024-05-16T17:22:14","slug":"que-es-la-fobia-social-i-com-tractarla","status":"publish","type":"post","link":"https:\/\/psicoclinicabarcelona.com\/ca\/que-es-la-fobia-social-i-com-tractarla\/","title":{"rendered":"Qu\u00e8 \u00e9s la f\u00f2bia social i com tractar-la"},"content":{"rendered":"<p>Si est\u00e0s llegint aix\u00f2, \u00e9s molt probable que hagis sentit parlar de la f\u00f2bia social i t&#8217;hagis preguntat qu\u00e8 \u00e9s. La f\u00f2bia social \u00e9s un trastorn d&#8217;ansietat que pot afectar persones de totes les edats la qual cosa pot fer que una persona se senti inc\u00f2moda, ansiosa i de vegades fins i tot paralitzada en situacions socials.<\/p>\n<p>Si est\u00e0s bregant amb la f\u00f2bia social, no est\u00e0s sol! En aquest article, parlarem sobre qu\u00e8 \u00e9s la f\u00f2bia social, els seus s\u00edmptomes i algunes formes de tractar-la.<\/p>\n<p><span style=\"color: var(--wpex-text-2);\">.<\/span><span style=\"color: var(--wpex-text-2);\" data-offset-key=\"bdlgb-218-0\">\u00a0<\/span><\/p>\n<h2><strong>F\u00f2bia social<\/strong>:<\/h2>\n<p>Etiqueta diagn\u00f2stica amb un passat i un present pol\u00e8mic on n&#8217;hi hagi, atesa la inespecificitat simptom\u00e0tica, la inexist\u00e8ncia d&#8217;una clara etiologia aix\u00ed com per moltes altres variables que escaparien al tema que ens ocupa avui.<\/p>\n<p>Si se t&#8217;ha passat pel cap que puguis patir aquest tipus de f\u00f2bia o trastorn segurament sigui perqu\u00e8 t&#8217;estan ocorrent coses que es manifesten en un context social, \u00e9s a dir, t\u00e9 un pes important all\u00f2 social, ja sigui a nivell imaginari (nom\u00e9s amb pensar-ho, fantasiejar-ho ja em genera ansietat) o a nivell real, per exemple, quan parlo en p\u00fablic.<\/p>\n<p>Prenguem com a mostra, nom\u00e9s el fet de pensar que hem de prendre la paraula i dirigir-nos a un altre, i sol\u00b7licitar alguna cosa, o dur a terme alguna gesti\u00f3, aquests simples actes pot desencadenar en un, sentiments i afectes de tipus ansi\u00f3s que porten a anticipar aquestes situacions com totalment aversives, hostils i amena\u00e7adores per al subjecte, que segurament intenti evitar i estalviar-se sigui com sigui. La ter\u00e0pia cognitiu conductual consistir\u00e0 en exposicions grupals, en entrenaments en habilitats socials i en reestructuraci\u00f3 cognitiva. En definitiva, s&#8217;intentar\u00e0 exposar l&#8217;individu a all\u00f2 que tem per entrenar i millorar habilitats, en aquest cas socials.<\/p>\n<p>En canvi, la cl\u00ednica d&#8217;orientaci\u00f3 psicoanal\u00edtica dirigir\u00e0 el tractament de subjectes que motivin la seva consulta per aquesta via, d&#8217;una altra manera, molt m\u00e9s introspectiva, reflexiva, profunda, anal\u00edtica i per tant m\u00e9s estable i duradora en els efectes terap\u00e8utics aconseguits i en la millora conquerida,\u00a0acompanyant el subjecte en les seves associacions i elaboracions sobre el que li est\u00e0 passant, com ha arribat a aquest punt, quina ha estat la seva hist\u00f2ria, qu\u00e8 ha fet en el passat, qu\u00e8 fa actualment, amb qu\u00e8 pot relacionar all\u00f2 que li passa, \u00e9s a dir, en definitiva ajudar el subjecte a poder preguntar-se sobre q\u00fcestions que tenen a veure amb un mateix i amb la hist\u00f2ria que ens precedeix i que a causa del fet que parlem i som \u00e9ssers de llenguatge, aquesta hist\u00f2ria ens marca i ens condiciona d&#8217;una manera determinada.<\/p>\n<h2><strong>F\u00f2bia social s\u00edmptomes<\/strong>:<\/h2>\n<p>Els s\u00edmptomes m\u00e9s comuns que s&#8217;associen a aquest tipus &#8220;d&#8217;etiquetes diagn\u00f2stiques\u201d s\u00f3n per una banda, s\u00edmptomes m\u00e9s ps\u00edquics o emocionals com a por que altres percebin que un est\u00e0 nervi\u00f3s, por de parlar, fer o actuar i\/o ser humiliat, por a ser jutjat o observat per altres, ansietat excessiva en situacions socials quotidianes, preocupaci\u00f3 intensa pr\u00e8via a una situaci\u00f3 social\u2026<\/p>\n<p><strong>S\u00edmptomes f\u00edsics<\/strong>, com una respiraci\u00f3 r\u00e0pida i agitada, posar-se colorit, n\u00e0usees, mal d&#8217;est\u00f3mac, opressi\u00f3 al pit o taquic\u00e0rdies, veu trencada o tremolosa, sensaci\u00f3 de mareig o desmai conseq\u00fc\u00e8ncia de la hiperventilaci\u00f3 i la pr\u00f2pia suggesti\u00f3, sudoraci\u00f3&#8230;<\/p>\n<p><strong>S\u00edmptomes<\/strong> que moltes persones relacionen amb la <strong>conducta<\/strong>, \u00e9s a dir, amb el que acaben fent o evitant: per exemple, beure davant de situacions socials per disminuir o controlar els nervis, necessitat de estar sempre a prop o al costat d&#8217;alg\u00fa conegut, escapar-se, escapolir-se o fugir de situacions socials, fins al punt que limita i incapacita per a una vida \u201cnormal\u201d.<\/p>\n<p>Les <strong>situacions<\/strong> que poden provocar m\u00e9s estr\u00e8s i que m\u00e9s s&#8217;associen amb aquestes dificultats s\u00f3n menjar o beure en p\u00fablic, fer trucades de tel\u00e8fon, con\u00e8ixer noves persones, parlar en p\u00fablic, parlar amb persones que remeten a l&#8217;autoritat , acudir a una cita, fer proves o ex\u00e0mens, anar a festes o actes socials, ser el centre d&#8217;atenci\u00f3, actuar davant d&#8217;altres persones, fer servir banys p\u00fablics, ser o creure ser observat en fer alguna cosa, ser o creure ser criticat o jutjat \u2026<\/p>\n<h2><strong>F\u00f2bia social tractament:<\/strong><\/h2>\n<p>\u201cConsells\u201d que circulen en l&#8217;\u00e0mbit social com d&#8217;autoajuda<strong>: <\/strong>Desafia els pensaments negatius i canvia&#8217;ls per altres de m\u00e9s positius i realistes, controla la teva respiraci\u00f3, practicar t\u00e8cniques de relaxaci\u00f3, encara les teves pors\u2026<\/p>\n<p>Tot aix\u00f2 est\u00e0 perfecte i queda molt b\u00e9, per\u00f2 siguem seriosos i rigorosos quan es tracta de patiment i malestar subjectiu. Si els subjectes que consulten poguessin fer justament aix\u00f2 que se&#8217;ls demana o se n&#8217;espera, no vindrien a les nostres consultes amb les seves dificultats i la seva angoixa per endavant, no tindria sentit.<\/p>\n<p>Nom\u00e9s amb la realitzaci\u00f3 d&#8217;un treball personal, d&#8217;una psicoter\u00e0pia psicoanal\u00edtica hom podr\u00e0 descobrir qu\u00e8 li passa, per qu\u00e8 li passa i com seguir endavant, en resum, quines solucions, invencions o sortides crear per poder operar un canvi a nivell subjectiu i poder-se lliurar d&#8217;aquesta quantitat d&#8217;angoixa que paralitza, inhibeix i al final coarta el dia a dia de moltes persones.<\/p>\n<p>Contacta amb el <a href=\"https:\/\/psicoclinicabarcelona.com\/ca\/qui-es-el-millor-psicoleg-de-barcelona\/\">millor psic\u00f2leg de Barcelona<\/a><\/p>\n","protected":false},"excerpt":{"rendered":"<p>Si est\u00e0s llegint aix\u00f2, \u00e9s molt probable que hagis sentit parlar de la f\u00f2bia social i t&#8217;hagis preguntat qu\u00e8 \u00e9s. La f\u00f2bia social \u00e9s un trastorn d&#8217;ansietat que pot afectar persones de totes les edats la qual cosa pot fer que una persona se senti inc\u00f2moda, ansiosa i de vegades fins i tot paralitzada en&hellip;<\/p>\n","protected":false},"author":5,"featured_media":7223,"comment_status":"closed","ping_status":"closed","sticky":false,"template":"","format":"standard","meta":{"footnotes":""},"categories":[7],"tags":[],"post_series":[],"class_list":["post-6289","post","type-post","status-publish","format-standard","has-post-thumbnail","hentry","category-psicolegs-barcelona","entry","has-media"],"yoast_head":"<!-- This site is optimized with the Yoast SEO plugin v24.6 - https:\/\/yoast.com\/wordpress\/plugins\/seo\/ -->\n<title>Qu\u00e8 \u00e9s la f\u00f2bia social i com tractar-la<\/title>\n<meta name=\"description\" content=\"Tens f\u00f2bia social? No et preocupis. Descobrirem com tractar-la per evitar que la puguis tornar a tenir!\" \/>\n<meta name=\"robots\" content=\"index, follow, max-snippet:-1, max-image-preview:large, max-video-preview:-1\" \/>\n<link rel=\"canonical\" href=\"https:\/\/psicoclinicabarcelona.com\/ca\/que-es-la-fobia-social-i-com-tractarla\/\" \/>\n<meta property=\"og:locale\" content=\"ca_ES\" \/>\n<meta property=\"og:type\" content=\"article\" \/>\n<meta property=\"og:title\" content=\"Qu\u00e8 \u00e9s la f\u00f2bia social i com tractar-la\" \/>\n<meta property=\"og:description\" content=\"Tens f\u00f2bia social? No et preocupis. Descobrirem com tractar-la per evitar que la puguis tornar a tenir!\" \/>\n<meta property=\"og:url\" content=\"https:\/\/psicoclinicabarcelona.com\/ca\/que-es-la-fobia-social-i-com-tractarla\/\" \/>\n<meta property=\"og:site_name\" content=\"Psicocl\u00ednica Barcelona\" \/>\n<meta property=\"article:publisher\" content=\"https:\/\/www.facebook.com\/PsicoclinicaBarcelona\/\" \/>\n<meta property=\"article:published_time\" content=\"2023-03-08T15:12:40+00:00\" \/>\n<meta property=\"article:modified_time\" content=\"2024-05-16T17:22:14+00:00\" \/>\n<meta property=\"og:image\" content=\"https:\/\/psicoclinicabarcelona.com\/wp-content\/uploads\/2023\/03\/fobia_social_tratamiento.jpg\" \/>\n\t<meta property=\"og:image:width\" content=\"1100\" \/>\n\t<meta property=\"og:image:height\" content=\"733\" \/>\n\t<meta property=\"og:image:type\" content=\"image\/jpeg\" \/>\n<meta name=\"author\" content=\"Psicocl\u00ednica Barcelona\" \/>\n<meta name=\"twitter:label1\" content=\"Escrit per\" \/>\n\t<meta name=\"twitter:data1\" content=\"Psicocl\u00ednica Barcelona\" \/>\n\t<meta name=\"twitter:label2\" content=\"Temps estimat de lectura\" \/>\n\t<meta name=\"twitter:data2\" content=\"4 minuts\" \/>\n<script type=\"application\/ld+json\" class=\"yoast-schema-graph\">{\"@context\":\"https:\/\/schema.org\",\"@graph\":[{\"@type\":\"Article\",\"@id\":\"https:\/\/psicoclinicabarcelona.com\/ca\/que-es-la-fobia-social-i-com-tractarla\/#article\",\"isPartOf\":{\"@id\":\"https:\/\/psicoclinicabarcelona.com\/ca\/que-es-la-fobia-social-i-com-tractarla\/\"},\"author\":{\"name\":\"Psicocl\u00ednica Barcelona\",\"@id\":\"https:\/\/psicoclinicabarcelona.com\/#\/schema\/person\/1574f51c650f739d65f33a40a8acbbaa\"},\"headline\":\"Qu\u00e8 \u00e9s la f\u00f2bia social i com tractar-la\",\"datePublished\":\"2023-03-08T15:12:40+00:00\",\"dateModified\":\"2024-05-16T17:22:14+00:00\",\"mainEntityOfPage\":{\"@id\":\"https:\/\/psicoclinicabarcelona.com\/ca\/que-es-la-fobia-social-i-com-tractarla\/\"},\"wordCount\":927,\"publisher\":{\"@id\":\"https:\/\/psicoclinicabarcelona.com\/#organization\"},\"image\":{\"@id\":\"https:\/\/psicoclinicabarcelona.com\/ca\/que-es-la-fobia-social-i-com-tractarla\/#primaryimage\"},\"thumbnailUrl\":\"https:\/\/psicoclinicabarcelona.com\/wp-content\/uploads\/2023\/03\/fobia_social_tratamiento.jpg\",\"articleSection\":[\"Psic\u00f2legs Barcelona\"],\"inLanguage\":\"ca\"},{\"@type\":\"WebPage\",\"@id\":\"https:\/\/psicoclinicabarcelona.com\/ca\/que-es-la-fobia-social-i-com-tractarla\/\",\"url\":\"https:\/\/psicoclinicabarcelona.com\/ca\/que-es-la-fobia-social-i-com-tractarla\/\",\"name\":\"Qu\u00e8 \u00e9s la f\u00f2bia social i com tractar-la\",\"isPartOf\":{\"@id\":\"https:\/\/psicoclinicabarcelona.com\/#website\"},\"primaryImageOfPage\":{\"@id\":\"https:\/\/psicoclinicabarcelona.com\/ca\/que-es-la-fobia-social-i-com-tractarla\/#primaryimage\"},\"image\":{\"@id\":\"https:\/\/psicoclinicabarcelona.com\/ca\/que-es-la-fobia-social-i-com-tractarla\/#primaryimage\"},\"thumbnailUrl\":\"https:\/\/psicoclinicabarcelona.com\/wp-content\/uploads\/2023\/03\/fobia_social_tratamiento.jpg\",\"datePublished\":\"2023-03-08T15:12:40+00:00\",\"dateModified\":\"2024-05-16T17:22:14+00:00\",\"description\":\"Tens f\u00f2bia social? No et preocupis. Descobrirem com tractar-la per evitar que la puguis tornar a tenir!\",\"breadcrumb\":{\"@id\":\"https:\/\/psicoclinicabarcelona.com\/ca\/que-es-la-fobia-social-i-com-tractarla\/#breadcrumb\"},\"inLanguage\":\"ca\",\"potentialAction\":[{\"@type\":\"ReadAction\",\"target\":[\"https:\/\/psicoclinicabarcelona.com\/ca\/que-es-la-fobia-social-i-com-tractarla\/\"]}]},{\"@type\":\"ImageObject\",\"inLanguage\":\"ca\",\"@id\":\"https:\/\/psicoclinicabarcelona.com\/ca\/que-es-la-fobia-social-i-com-tractarla\/#primaryimage\",\"url\":\"https:\/\/psicoclinicabarcelona.com\/wp-content\/uploads\/2023\/03\/fobia_social_tratamiento.jpg\",\"contentUrl\":\"https:\/\/psicoclinicabarcelona.com\/wp-content\/uploads\/2023\/03\/fobia_social_tratamiento.jpg\",\"width\":1100,\"height\":733},{\"@type\":\"BreadcrumbList\",\"@id\":\"https:\/\/psicoclinicabarcelona.com\/ca\/que-es-la-fobia-social-i-com-tractarla\/#breadcrumb\",\"itemListElement\":[{\"@type\":\"ListItem\",\"position\":1,\"name\":\"Portada\",\"item\":\"https:\/\/psicoclinicabarcelona.com\/ca\/\"},{\"@type\":\"ListItem\",\"position\":2,\"name\":\"Qu\u00e8 \u00e9s la f\u00f2bia social i com tractar-la\"}]},{\"@type\":\"WebSite\",\"@id\":\"https:\/\/psicoclinicabarcelona.com\/#website\",\"url\":\"https:\/\/psicoclinicabarcelona.com\/\",\"name\":\"Psicocl\u00ednica Barcelona\",\"description\":\"Posiblemente el mejor psic\u00f3logo en Barcelona o la mejor psic\u00f3loga de Barcelona. Ll\u00e1manos sin compromiso al 935 414 478\",\"publisher\":{\"@id\":\"https:\/\/psicoclinicabarcelona.com\/#organization\"},\"alternateName\":\"Psicocl\u00ednica Barcelona\",\"potentialAction\":[{\"@type\":\"SearchAction\",\"target\":{\"@type\":\"EntryPoint\",\"urlTemplate\":\"https:\/\/psicoclinicabarcelona.com\/?s={search_term_string}\"},\"query-input\":{\"@type\":\"PropertyValueSpecification\",\"valueRequired\":true,\"valueName\":\"search_term_string\"}}],\"inLanguage\":\"ca\"},{\"@type\":\"Organization\",\"@id\":\"https:\/\/psicoclinicabarcelona.com\/#organization\",\"name\":\"Psicocl\u00ednica Barcelona\",\"alternateName\":\"Psicocl\u00ednica Barcelona\",\"url\":\"https:\/\/psicoclinicabarcelona.com\/\",\"logo\":{\"@type\":\"ImageObject\",\"inLanguage\":\"ca\",\"@id\":\"https:\/\/psicoclinicabarcelona.com\/#\/schema\/logo\/image\/\",\"url\":\"https:\/\/psicoclinicabarcelona.com\/wp-content\/uploads\/2015\/04\/psicologos-barcelona.png\",\"contentUrl\":\"https:\/\/psicoclinicabarcelona.com\/wp-content\/uploads\/2015\/04\/psicologos-barcelona.png\",\"width\":178,\"height\":62,\"caption\":\"Psicocl\u00ednica Barcelona\"},\"image\":{\"@id\":\"https:\/\/psicoclinicabarcelona.com\/#\/schema\/logo\/image\/\"},\"sameAs\":[\"https:\/\/www.facebook.com\/PsicoclinicaBarcelona\/\",\"https:\/\/x.com\/psicoclinicabcn\",\"https:\/\/www.linkedin.com\/company\/psicocl\u00ednica-barcelona\/\",\"https:\/\/www.instagram.com\/psicoclinicabarcelona\/\",\"https:\/\/www.youtube.com\/channel\/UCcc-5_wC56giASuT0XDr87Q\"]},{\"@type\":\"Person\",\"@id\":\"https:\/\/psicoclinicabarcelona.com\/#\/schema\/person\/1574f51c650f739d65f33a40a8acbbaa\",\"name\":\"Psicocl\u00ednica Barcelona\"}]}<\/script>\n<!-- \/ Yoast SEO plugin. -->","yoast_head_json":{"title":"Qu\u00e8 \u00e9s la f\u00f2bia social i com tractar-la","description":"Tens f\u00f2bia social? No et preocupis. Descobrirem com tractar-la per evitar que la puguis tornar a tenir!","robots":{"index":"index","follow":"follow","max-snippet":"max-snippet:-1","max-image-preview":"max-image-preview:large","max-video-preview":"max-video-preview:-1"},"canonical":"https:\/\/psicoclinicabarcelona.com\/ca\/que-es-la-fobia-social-i-com-tractarla\/","og_locale":"ca_ES","og_type":"article","og_title":"Qu\u00e8 \u00e9s la f\u00f2bia social i com tractar-la","og_description":"Tens f\u00f2bia social? No et preocupis. Descobrirem com tractar-la per evitar que la puguis tornar a tenir!","og_url":"https:\/\/psicoclinicabarcelona.com\/ca\/que-es-la-fobia-social-i-com-tractarla\/","og_site_name":"Psicocl\u00ednica Barcelona","article_publisher":"https:\/\/www.facebook.com\/PsicoclinicaBarcelona\/","article_published_time":"2023-03-08T15:12:40+00:00","article_modified_time":"2024-05-16T17:22:14+00:00","og_image":[{"width":1100,"height":733,"url":"https:\/\/psicoclinicabarcelona.com\/wp-content\/uploads\/2023\/03\/fobia_social_tratamiento.jpg","type":"image\/jpeg"}],"author":"Psicocl\u00ednica Barcelona","twitter_misc":{"Escrit per":"Psicocl\u00ednica Barcelona","Temps estimat de lectura":"4 minuts"},"schema":{"@context":"https:\/\/schema.org","@graph":[{"@type":"Article","@id":"https:\/\/psicoclinicabarcelona.com\/ca\/que-es-la-fobia-social-i-com-tractarla\/#article","isPartOf":{"@id":"https:\/\/psicoclinicabarcelona.com\/ca\/que-es-la-fobia-social-i-com-tractarla\/"},"author":{"name":"Psicocl\u00ednica Barcelona","@id":"https:\/\/psicoclinicabarcelona.com\/#\/schema\/person\/1574f51c650f739d65f33a40a8acbbaa"},"headline":"Qu\u00e8 \u00e9s la f\u00f2bia social i com tractar-la","datePublished":"2023-03-08T15:12:40+00:00","dateModified":"2024-05-16T17:22:14+00:00","mainEntityOfPage":{"@id":"https:\/\/psicoclinicabarcelona.com\/ca\/que-es-la-fobia-social-i-com-tractarla\/"},"wordCount":927,"publisher":{"@id":"https:\/\/psicoclinicabarcelona.com\/#organization"},"image":{"@id":"https:\/\/psicoclinicabarcelona.com\/ca\/que-es-la-fobia-social-i-com-tractarla\/#primaryimage"},"thumbnailUrl":"https:\/\/psicoclinicabarcelona.com\/wp-content\/uploads\/2023\/03\/fobia_social_tratamiento.jpg","articleSection":["Psic\u00f2legs Barcelona"],"inLanguage":"ca"},{"@type":"WebPage","@id":"https:\/\/psicoclinicabarcelona.com\/ca\/que-es-la-fobia-social-i-com-tractarla\/","url":"https:\/\/psicoclinicabarcelona.com\/ca\/que-es-la-fobia-social-i-com-tractarla\/","name":"Qu\u00e8 \u00e9s la f\u00f2bia social i com tractar-la","isPartOf":{"@id":"https:\/\/psicoclinicabarcelona.com\/#website"},"primaryImageOfPage":{"@id":"https:\/\/psicoclinicabarcelona.com\/ca\/que-es-la-fobia-social-i-com-tractarla\/#primaryimage"},"image":{"@id":"https:\/\/psicoclinicabarcelona.com\/ca\/que-es-la-fobia-social-i-com-tractarla\/#primaryimage"},"thumbnailUrl":"https:\/\/psicoclinicabarcelona.com\/wp-content\/uploads\/2023\/03\/fobia_social_tratamiento.jpg","datePublished":"2023-03-08T15:12:40+00:00","dateModified":"2024-05-16T17:22:14+00:00","description":"Tens f\u00f2bia social? No et preocupis. Descobrirem com tractar-la per evitar que la puguis tornar a tenir!","breadcrumb":{"@id":"https:\/\/psicoclinicabarcelona.com\/ca\/que-es-la-fobia-social-i-com-tractarla\/#breadcrumb"},"inLanguage":"ca","potentialAction":[{"@type":"ReadAction","target":["https:\/\/psicoclinicabarcelona.com\/ca\/que-es-la-fobia-social-i-com-tractarla\/"]}]},{"@type":"ImageObject","inLanguage":"ca","@id":"https:\/\/psicoclinicabarcelona.com\/ca\/que-es-la-fobia-social-i-com-tractarla\/#primaryimage","url":"https:\/\/psicoclinicabarcelona.com\/wp-content\/uploads\/2023\/03\/fobia_social_tratamiento.jpg","contentUrl":"https:\/\/psicoclinicabarcelona.com\/wp-content\/uploads\/2023\/03\/fobia_social_tratamiento.jpg","width":1100,"height":733},{"@type":"BreadcrumbList","@id":"https:\/\/psicoclinicabarcelona.com\/ca\/que-es-la-fobia-social-i-com-tractarla\/#breadcrumb","itemListElement":[{"@type":"ListItem","position":1,"name":"Portada","item":"https:\/\/psicoclinicabarcelona.com\/ca\/"},{"@type":"ListItem","position":2,"name":"Qu\u00e8 \u00e9s la f\u00f2bia social i com tractar-la"}]},{"@type":"WebSite","@id":"https:\/\/psicoclinicabarcelona.com\/#website","url":"https:\/\/psicoclinicabarcelona.com\/","name":"Psicocl\u00ednica Barcelona","description":"Posiblemente el mejor psic\u00f3logo en Barcelona o la mejor psic\u00f3loga de Barcelona. Ll\u00e1manos sin compromiso al 935 414 478","publisher":{"@id":"https:\/\/psicoclinicabarcelona.com\/#organization"},"alternateName":"Psicocl\u00ednica Barcelona","potentialAction":[{"@type":"SearchAction","target":{"@type":"EntryPoint","urlTemplate":"https:\/\/psicoclinicabarcelona.com\/?s={search_term_string}"},"query-input":{"@type":"PropertyValueSpecification","valueRequired":true,"valueName":"search_term_string"}}],"inLanguage":"ca"},{"@type":"Organization","@id":"https:\/\/psicoclinicabarcelona.com\/#organization","name":"Psicocl\u00ednica Barcelona","alternateName":"Psicocl\u00ednica Barcelona","url":"https:\/\/psicoclinicabarcelona.com\/","logo":{"@type":"ImageObject","inLanguage":"ca","@id":"https:\/\/psicoclinicabarcelona.com\/#\/schema\/logo\/image\/","url":"https:\/\/psicoclinicabarcelona.com\/wp-content\/uploads\/2015\/04\/psicologos-barcelona.png","contentUrl":"https:\/\/psicoclinicabarcelona.com\/wp-content\/uploads\/2015\/04\/psicologos-barcelona.png","width":178,"height":62,"caption":"Psicocl\u00ednica Barcelona"},"image":{"@id":"https:\/\/psicoclinicabarcelona.com\/#\/schema\/logo\/image\/"},"sameAs":["https:\/\/www.facebook.com\/PsicoclinicaBarcelona\/","https:\/\/x.com\/psicoclinicabcn","https:\/\/www.linkedin.com\/company\/psicocl\u00ednica-barcelona\/","https:\/\/www.instagram.com\/psicoclinicabarcelona\/","https:\/\/www.youtube.com\/channel\/UCcc-5_wC56giASuT0XDr87Q"]},{"@type":"Person","@id":"https:\/\/psicoclinicabarcelona.com\/#\/schema\/person\/1574f51c650f739d65f33a40a8acbbaa","name":"Psicocl\u00ednica Barcelona"}]}},"_links":{"self":[{"href":"https:\/\/psicoclinicabarcelona.com\/ca\/wp-json\/wp\/v2\/posts\/6289"}],"collection":[{"href":"https:\/\/psicoclinicabarcelona.com\/ca\/wp-json\/wp\/v2\/posts"}],"about":[{"href":"https:\/\/psicoclinicabarcelona.com\/ca\/wp-json\/wp\/v2\/types\/post"}],"author":[{"embeddable":true,"href":"https:\/\/psicoclinicabarcelona.com\/ca\/wp-json\/wp\/v2\/users\/5"}],"replies":[{"embeddable":true,"href":"https:\/\/psicoclinicabarcelona.com\/ca\/wp-json\/wp\/v2\/comments?post=6289"}],"version-history":[{"count":3,"href":"https:\/\/psicoclinicabarcelona.com\/ca\/wp-json\/wp\/v2\/posts\/6289\/revisions"}],"predecessor-version":[{"id":6982,"href":"https:\/\/psicoclinicabarcelona.com\/ca\/wp-json\/wp\/v2\/posts\/6289\/revisions\/6982"}],"wp:featuredmedia":[{"embeddable":true,"href":"https:\/\/psicoclinicabarcelona.com\/ca\/wp-json\/wp\/v2\/media\/7223"}],"wp:attachment":[{"href":"https:\/\/psicoclinicabarcelona.com\/ca\/wp-json\/wp\/v2\/media?parent=6289"}],"wp:term":[{"taxonomy":"category","embeddable":true,"href":"https:\/\/psicoclinicabarcelona.com\/ca\/wp-json\/wp\/v2\/categories?post=6289"},{"taxonomy":"post_tag","embeddable":true,"href":"https:\/\/psicoclinicabarcelona.com\/ca\/wp-json\/wp\/v2\/tags?post=6289"},{"taxonomy":"post_series","embeddable":true,"href":"https:\/\/psicoclinicabarcelona.com\/ca\/wp-json\/wp\/v2\/post_series?post=6289"}],"curies":[{"name":"wp","href":"https:\/\/api.w.org\/{rel}","templated":true}]}}