{"id":6292,"date":"2023-02-06T17:03:05","date_gmt":"2023-02-06T16:03:05","guid":{"rendered":"https:\/\/psicoclinicabarcelona.com\/consecuencias-psicologicas-del-bullying\/"},"modified":"2024-05-15T14:20:40","modified_gmt":"2024-05-15T12:20:40","slug":"consequencies-psicologiques-del-bullying","status":"publish","type":"post","link":"https:\/\/psicoclinicabarcelona.com\/ca\/consequencies-psicologiques-del-bullying\/","title":{"rendered":"Conseq\u00fc\u00e8ncies psicol\u00f2giques del bullying"},"content":{"rendered":"<h2><strong>Qu\u00e8 \u00e9s el bullying<\/strong><\/h2>\n<p>La definici\u00f3 m\u00e9s comuna i estesa socialment \u00e9s la que es refereix a Bullying com a assetjament, i m\u00e9s concretament a l&#8217;assetjament sofert al medi escolar, \u00e9s l&#8217;<strong>exposici\u00f3 a comportaments violents<\/strong>, agressius, vexatoris, intimidatoris o amena\u00e7adors la que se sotmet a un alumne, normalment pels seus iguals o companys, amb l&#8217;\u00e0nim d&#8217;ofensa, escarni i maltractament per a la diversi\u00f3 i el gaudi de la resta.<\/p>\n<p>Per\u00f2 en el nostre \u00e0mbit que \u00e9s el cl\u00ednic, per saber <u>realment<\/u> al que es refereix un subjecte quan diu \u201cestic patint bullying\u201d caldr\u00e0 sempre preguntar-li directament i caldr\u00e0 donar lloc a qu\u00e8 sorgeixi la paraula, a que pugui verbalitzar el que li passa, aix\u00f2 ja t\u00e9 uns efectes ansiol\u00edtics i terap\u00e8utics de per si mateix en qu\u00e8 parla sota un tipus d&#8217;escolta determinada, per\u00f2 \u00e9s que a m\u00e9s als especialistes ens d\u00f3na pistes per entendre com aquest subjecte interpreta tot el que est\u00e0 vivint, com aquest subjecte es posiciona subjectivament el que li passa, ens permet (tant a qui parla com a qui guia) tenir una visi\u00f3 de quins m\u00e8todes, t\u00e8cniques, eines o estrat\u00e8gies est\u00e0 utilitzant (o no) aquesta persona per fer front a aix\u00f2 que li passa i poder maniobrar-ne en conseq\u00fc\u00e8ncia. \u00c9s aix\u00ed com ens podrem fer una idea m\u00ednima del que passa a alg\u00fa quan diu que li fan bullying.<\/p>\n<h2><strong>Tipus de bullying<\/strong><\/h2>\n<p>Ens centrarem en el bullying escolar, perqu\u00e8 algunes persones v\u00e9nen preguntant per <strong>bullying laboral<\/strong> i hem de deixar clar que quan el context \u00e9s laboral\/professional, es diu <strong>mobbing<\/strong>, significants provinents de l&#8217;angl\u00e8s i \u00e0mpliament assumits a la societat espanyola, malgrat que encara avui dia es continuen prestant a molta confusi\u00f3.<\/p>\n<p>Aqu\u00ed podr\u00edem fer tantes divisions i classificacions com vulguem per\u00f2 potser les distincions te\u00f2riques m\u00e9s utilitzades actualment s\u00f3n:<\/p>\n<ul>\n<li><strong>bullying f\u00edsic<\/strong>: Quan l&#8217;assetjament traspassa els l\u00edmits de la paraula i passa a l&#8217;acte amb agressions f\u00edsiques.<\/li>\n<li><strong>bullying verbal \/ social<\/strong>: actes com els insults m\u00e9s o menys encoberts, difondre rumors, bulls, mentides, actes que causen una forta pressi\u00f3 en els subjectes als quals va dirigit per\u00f2 que mai no arriba a creuar la l\u00ednia de l&#8217;agressi\u00f3 f\u00edsica.<\/li>\n<li><strong>bullying sexual<\/strong>: seria tot assetjament concernent amb temes de la sexualitat,<a href=\"https:\/\/psicoclinicabarcelona.com\/ca\/identitat-sexual\/\"> identitat de g\u00e8nere<\/a>, orientaci\u00f3 sexual, viol\u00e8ncia masclista, etc.<\/li>\n<li><strong>Cyber Bullying<\/strong>: \u00e9s l&#8217;assetjament i el maltractament que s&#8217;exerceix a trav\u00e9s de les xarxes i internet.<\/li>\n<\/ul>\n<h2><strong>Conseq\u00fc\u00e8ncies psicol\u00f2giques del bullying<\/strong><\/h2>\n<p>Les conseq\u00fc\u00e8ncies poden ser devastadores per a moltes persones que han estat sotmeses a situacions que podr\u00edem emmarcar dins aquests par\u00e0metres. \u00c9s impredictible com reaccionar\u00e0 una persona en semblants situacions, per aix\u00f2 \u00e9s molt dif\u00edcil parlar de conseq\u00fc\u00e8ncies psicol\u00f2giques en general o en plural, perqu\u00e8 encara que \u00e9s possible extreure algunes variables que coincideixen, com un denominador com\u00fa en el que podr\u00edem anomenar la <strong> v\u00edctima<\/strong>, a nosaltres no ens agrada encasellar les persones sota aquests r\u00e8tols o etiquetes, ja que cadasc\u00fa, com d\u00e8iem abans, \u00e9s un subjecte \u00fanic i singular, mai hi haur\u00e0 dues reaccions iguals perqu\u00e8 no hi ha dues persones iguals, dep\u00e8n com abans detall\u00e0vem de variables com la posici\u00f3 subjectiva de cadasc\u00fa davant del que li passa, si lluita o no lluita, si es defensa o no, si protesta o no, si ho denuncia (no parlo nom\u00e9s jur\u00eddicament o legalment, sin\u00f3 per exemple , p\u00fablicament o ho diu al seu tutor, o als seus pares, o a algun adult responsable o no i ho calla). Dep\u00e8n de tot aquest tipus de reaccions es conforma una manera o una altra de respondre, de viure&#8217;l i d&#8217;enfrontar-se.<\/p>\n<p>La nostra tasca com a cl\u00ednics, com a psicoanalistes i\/o psic\u00f2legs cl\u00ednics que som, \u00e9s saber en quina posici\u00f3 ve cadasc\u00fa per poder dirimir quina \u00e9s la millor manera d&#8217;ajudar i acompanyar aquest subjecte.<\/p>\n<p>A nivell psicol\u00f2gic un pot estar molt minvat de forces, d&#8217;autoestima, fins i tot d&#8217;energia, s\u00f3n situacions constants i segurament moltes vegades sostingudes en el temps que esgoten i deixen exhaust el que pateix i pateix, tota l&#8217;energia d&#8217;una persona se&#8217;n pot anar a com defensar-se, com fer per no sortir m\u00e9s ferit, com fer per venjar-se, per escapar-se, per fer-ho pagar, preguntant-se si hi ha o no escapat\u00f2ria, si hi ha sortida o no\u2026 moment delicat quan el subjecte en algun punt del seu fur intern es rendeix o llen\u00e7a la tovallola, encallat en sentiments d&#8217;abatiment, desesperaci\u00f3, angoixa extrema i donant lloc a pensaments fins i tot a actes grav\u00edssims com poden ser els de tipus autol\u00edtic o su\u00efcida.<\/p>\n<p>La inseguretat, la manca d&#8217;autoestima, d&#8217;autoconfian\u00e7a, etc. s\u00f3n els significants amb qu\u00e8 acudeixen a visitar-se molts dels nois que atenem, i que a poc a poc poden anar situant d&#8217;una altra manera, at\u00e8s que \u00e9s reorganitzant la posici\u00f3 de cada un, revisant i enderrocant moltes vegades les identificacions que un porta a consulta, amb les quals un acudeix a ter\u00e0pia buscant simplement alleugeriment i ajuda, resulta que despr\u00e9s fan possible una sortida, i no nom\u00e9s una sortida sense tant dolor, sin\u00f3 una sortida que a vegades defineix un cam\u00ed de vida, una orientaci\u00f3 sota un desig que pr\u00e8viament estava o molt velat o encobert i que ara es mostra ben visible a ulls del que inicia aquesta gran aventura de venir a interrogar-se i a preguntar-se per qu\u00e8 ens passa el que ens passa a la vida i com fer-ne, un viatge apassionant. T&#8217;atreveixes?<\/p>\n<p>Consulta amb <a href=\"https:\/\/psicoclinicabarcelona.com\/ca\/\">psic\u00f2legs de Barcelona<\/a><\/p>\n","protected":false},"excerpt":{"rendered":"<p>Qu\u00e8 \u00e9s el bullying La definici\u00f3 m\u00e9s comuna i estesa socialment \u00e9s la que es refereix a Bullying com a assetjament, i m\u00e9s concretament a l&#8217;assetjament sofert al medi escolar, \u00e9s l&#8217;exposici\u00f3 a comportaments violents, agressius, vexatoris, intimidatoris o amena\u00e7adors la que se sotmet a un alumne, normalment pels seus iguals o companys, amb l&#8217;\u00e0nim&hellip;<\/p>\n","protected":false},"author":5,"featured_media":7747,"comment_status":"closed","ping_status":"closed","sticky":false,"template":"","format":"standard","meta":{"footnotes":""},"categories":[7],"tags":[],"post_series":[],"class_list":["post-6292","post","type-post","status-publish","format-standard","has-post-thumbnail","hentry","category-psicolegs-barcelona","entry","has-media"],"yoast_head":"<!-- This site is optimized with the Yoast SEO plugin v24.6 - https:\/\/yoast.com\/wordpress\/plugins\/seo\/ -->\n<title>Conseq\u00fc\u00e8ncies psicol\u00f2giques del bullying<\/title>\n<meta name=\"description\" content=\"Alguna vegada has patit de bullying? No creur\u00e0s les conseq\u00fc\u00e8ncies que aix\u00f2 pot arribar a tenir...\" \/>\n<meta name=\"robots\" content=\"index, follow, max-snippet:-1, max-image-preview:large, max-video-preview:-1\" \/>\n<link rel=\"canonical\" href=\"https:\/\/psicoclinicabarcelona.com\/ca\/consequencies-psicologiques-del-bullying\/\" \/>\n<meta property=\"og:locale\" content=\"ca_ES\" \/>\n<meta property=\"og:type\" content=\"article\" \/>\n<meta property=\"og:title\" content=\"Conseq\u00fc\u00e8ncies psicol\u00f2giques del bullying\" \/>\n<meta property=\"og:description\" content=\"Alguna vegada has patit de bullying? No creur\u00e0s les conseq\u00fc\u00e8ncies que aix\u00f2 pot arribar a tenir...\" \/>\n<meta property=\"og:url\" content=\"https:\/\/psicoclinicabarcelona.com\/ca\/consequencies-psicologiques-del-bullying\/\" \/>\n<meta property=\"og:site_name\" content=\"Psicocl\u00ednica Barcelona\" \/>\n<meta property=\"article:publisher\" content=\"https:\/\/www.facebook.com\/PsicoclinicaBarcelona\/\" \/>\n<meta property=\"article:published_time\" content=\"2023-02-06T16:03:05+00:00\" \/>\n<meta property=\"article:modified_time\" content=\"2024-05-15T12:20:40+00:00\" \/>\n<meta property=\"og:image\" content=\"https:\/\/psicoclinicabarcelona.com\/wp-content\/uploads\/2023\/02\/consecuencias_psicologicas_bullying-scaled.jpg\" \/>\n\t<meta property=\"og:image:width\" content=\"2560\" \/>\n\t<meta property=\"og:image:height\" content=\"1707\" \/>\n\t<meta property=\"og:image:type\" content=\"image\/jpeg\" \/>\n<meta name=\"author\" content=\"Psicocl\u00ednica Barcelona\" \/>\n<meta name=\"twitter:label1\" content=\"Escrit per\" \/>\n\t<meta name=\"twitter:data1\" content=\"Psicocl\u00ednica Barcelona\" \/>\n\t<meta name=\"twitter:label2\" content=\"Temps estimat de lectura\" \/>\n\t<meta name=\"twitter:data2\" content=\"5 minuts\" \/>\n<script type=\"application\/ld+json\" class=\"yoast-schema-graph\">{\"@context\":\"https:\/\/schema.org\",\"@graph\":[{\"@type\":\"Article\",\"@id\":\"https:\/\/psicoclinicabarcelona.com\/ca\/consequencies-psicologiques-del-bullying\/#article\",\"isPartOf\":{\"@id\":\"https:\/\/psicoclinicabarcelona.com\/ca\/consequencies-psicologiques-del-bullying\/\"},\"author\":{\"name\":\"Psicocl\u00ednica Barcelona\",\"@id\":\"https:\/\/psicoclinicabarcelona.com\/#\/schema\/person\/1574f51c650f739d65f33a40a8acbbaa\"},\"headline\":\"Conseq\u00fc\u00e8ncies psicol\u00f2giques del bullying\",\"datePublished\":\"2023-02-06T16:03:05+00:00\",\"dateModified\":\"2024-05-15T12:20:40+00:00\",\"mainEntityOfPage\":{\"@id\":\"https:\/\/psicoclinicabarcelona.com\/ca\/consequencies-psicologiques-del-bullying\/\"},\"wordCount\":977,\"publisher\":{\"@id\":\"https:\/\/psicoclinicabarcelona.com\/#organization\"},\"image\":{\"@id\":\"https:\/\/psicoclinicabarcelona.com\/ca\/consequencies-psicologiques-del-bullying\/#primaryimage\"},\"thumbnailUrl\":\"https:\/\/psicoclinicabarcelona.com\/wp-content\/uploads\/2023\/02\/consecuencias_psicologicas_bullying.webp\",\"articleSection\":[\"Psic\u00f2legs Barcelona\"],\"inLanguage\":\"ca\"},{\"@type\":\"WebPage\",\"@id\":\"https:\/\/psicoclinicabarcelona.com\/ca\/consequencies-psicologiques-del-bullying\/\",\"url\":\"https:\/\/psicoclinicabarcelona.com\/ca\/consequencies-psicologiques-del-bullying\/\",\"name\":\"Conseq\u00fc\u00e8ncies psicol\u00f2giques del bullying\",\"isPartOf\":{\"@id\":\"https:\/\/psicoclinicabarcelona.com\/#website\"},\"primaryImageOfPage\":{\"@id\":\"https:\/\/psicoclinicabarcelona.com\/ca\/consequencies-psicologiques-del-bullying\/#primaryimage\"},\"image\":{\"@id\":\"https:\/\/psicoclinicabarcelona.com\/ca\/consequencies-psicologiques-del-bullying\/#primaryimage\"},\"thumbnailUrl\":\"https:\/\/psicoclinicabarcelona.com\/wp-content\/uploads\/2023\/02\/consecuencias_psicologicas_bullying.webp\",\"datePublished\":\"2023-02-06T16:03:05+00:00\",\"dateModified\":\"2024-05-15T12:20:40+00:00\",\"description\":\"Alguna vegada has patit de bullying? No creur\u00e0s les conseq\u00fc\u00e8ncies que aix\u00f2 pot arribar a tenir...\",\"breadcrumb\":{\"@id\":\"https:\/\/psicoclinicabarcelona.com\/ca\/consequencies-psicologiques-del-bullying\/#breadcrumb\"},\"inLanguage\":\"ca\",\"potentialAction\":[{\"@type\":\"ReadAction\",\"target\":[\"https:\/\/psicoclinicabarcelona.com\/ca\/consequencies-psicologiques-del-bullying\/\"]}]},{\"@type\":\"ImageObject\",\"inLanguage\":\"ca\",\"@id\":\"https:\/\/psicoclinicabarcelona.com\/ca\/consequencies-psicologiques-del-bullying\/#primaryimage\",\"url\":\"https:\/\/psicoclinicabarcelona.com\/wp-content\/uploads\/2023\/02\/consecuencias_psicologicas_bullying.webp\",\"contentUrl\":\"https:\/\/psicoclinicabarcelona.com\/wp-content\/uploads\/2023\/02\/consecuencias_psicologicas_bullying.webp\",\"width\":1024,\"height\":683,\"caption\":\"Consecuencias psicol\u00f3gicas del bullying\"},{\"@type\":\"BreadcrumbList\",\"@id\":\"https:\/\/psicoclinicabarcelona.com\/ca\/consequencies-psicologiques-del-bullying\/#breadcrumb\",\"itemListElement\":[{\"@type\":\"ListItem\",\"position\":1,\"name\":\"Portada\",\"item\":\"https:\/\/psicoclinicabarcelona.com\/ca\/\"},{\"@type\":\"ListItem\",\"position\":2,\"name\":\"Conseq\u00fc\u00e8ncies psicol\u00f2giques del bullying\"}]},{\"@type\":\"WebSite\",\"@id\":\"https:\/\/psicoclinicabarcelona.com\/#website\",\"url\":\"https:\/\/psicoclinicabarcelona.com\/\",\"name\":\"Psicocl\u00ednica Barcelona\",\"description\":\"Posiblemente el mejor psic\u00f3logo en Barcelona o la mejor psic\u00f3loga de Barcelona. Ll\u00e1manos sin compromiso al 935 414 478\",\"publisher\":{\"@id\":\"https:\/\/psicoclinicabarcelona.com\/#organization\"},\"alternateName\":\"Psicocl\u00ednica Barcelona\",\"potentialAction\":[{\"@type\":\"SearchAction\",\"target\":{\"@type\":\"EntryPoint\",\"urlTemplate\":\"https:\/\/psicoclinicabarcelona.com\/?s={search_term_string}\"},\"query-input\":{\"@type\":\"PropertyValueSpecification\",\"valueRequired\":true,\"valueName\":\"search_term_string\"}}],\"inLanguage\":\"ca\"},{\"@type\":\"Organization\",\"@id\":\"https:\/\/psicoclinicabarcelona.com\/#organization\",\"name\":\"Psicocl\u00ednica Barcelona\",\"alternateName\":\"Psicocl\u00ednica Barcelona\",\"url\":\"https:\/\/psicoclinicabarcelona.com\/\",\"logo\":{\"@type\":\"ImageObject\",\"inLanguage\":\"ca\",\"@id\":\"https:\/\/psicoclinicabarcelona.com\/#\/schema\/logo\/image\/\",\"url\":\"https:\/\/psicoclinicabarcelona.com\/wp-content\/uploads\/2015\/04\/psicologos-barcelona.png\",\"contentUrl\":\"https:\/\/psicoclinicabarcelona.com\/wp-content\/uploads\/2015\/04\/psicologos-barcelona.png\",\"width\":178,\"height\":62,\"caption\":\"Psicocl\u00ednica Barcelona\"},\"image\":{\"@id\":\"https:\/\/psicoclinicabarcelona.com\/#\/schema\/logo\/image\/\"},\"sameAs\":[\"https:\/\/www.facebook.com\/PsicoclinicaBarcelona\/\",\"https:\/\/x.com\/psicoclinicabcn\",\"https:\/\/www.linkedin.com\/company\/psicocl\u00ednica-barcelona\/\",\"https:\/\/www.instagram.com\/psicoclinicabarcelona\/\",\"https:\/\/www.youtube.com\/channel\/UCcc-5_wC56giASuT0XDr87Q\"]},{\"@type\":\"Person\",\"@id\":\"https:\/\/psicoclinicabarcelona.com\/#\/schema\/person\/1574f51c650f739d65f33a40a8acbbaa\",\"name\":\"Psicocl\u00ednica Barcelona\"}]}<\/script>\n<!-- \/ Yoast SEO plugin. -->","yoast_head_json":{"title":"Conseq\u00fc\u00e8ncies psicol\u00f2giques del bullying","description":"Alguna vegada has patit de bullying? No creur\u00e0s les conseq\u00fc\u00e8ncies que aix\u00f2 pot arribar a tenir...","robots":{"index":"index","follow":"follow","max-snippet":"max-snippet:-1","max-image-preview":"max-image-preview:large","max-video-preview":"max-video-preview:-1"},"canonical":"https:\/\/psicoclinicabarcelona.com\/ca\/consequencies-psicologiques-del-bullying\/","og_locale":"ca_ES","og_type":"article","og_title":"Conseq\u00fc\u00e8ncies psicol\u00f2giques del bullying","og_description":"Alguna vegada has patit de bullying? No creur\u00e0s les conseq\u00fc\u00e8ncies que aix\u00f2 pot arribar a tenir...","og_url":"https:\/\/psicoclinicabarcelona.com\/ca\/consequencies-psicologiques-del-bullying\/","og_site_name":"Psicocl\u00ednica Barcelona","article_publisher":"https:\/\/www.facebook.com\/PsicoclinicaBarcelona\/","article_published_time":"2023-02-06T16:03:05+00:00","article_modified_time":"2024-05-15T12:20:40+00:00","og_image":[{"width":2560,"height":1707,"url":"https:\/\/psicoclinicabarcelona.com\/wp-content\/uploads\/2023\/02\/consecuencias_psicologicas_bullying-scaled.jpg","type":"image\/jpeg"}],"author":"Psicocl\u00ednica Barcelona","twitter_misc":{"Escrit per":"Psicocl\u00ednica Barcelona","Temps estimat de lectura":"5 minuts"},"schema":{"@context":"https:\/\/schema.org","@graph":[{"@type":"Article","@id":"https:\/\/psicoclinicabarcelona.com\/ca\/consequencies-psicologiques-del-bullying\/#article","isPartOf":{"@id":"https:\/\/psicoclinicabarcelona.com\/ca\/consequencies-psicologiques-del-bullying\/"},"author":{"name":"Psicocl\u00ednica Barcelona","@id":"https:\/\/psicoclinicabarcelona.com\/#\/schema\/person\/1574f51c650f739d65f33a40a8acbbaa"},"headline":"Conseq\u00fc\u00e8ncies psicol\u00f2giques del bullying","datePublished":"2023-02-06T16:03:05+00:00","dateModified":"2024-05-15T12:20:40+00:00","mainEntityOfPage":{"@id":"https:\/\/psicoclinicabarcelona.com\/ca\/consequencies-psicologiques-del-bullying\/"},"wordCount":977,"publisher":{"@id":"https:\/\/psicoclinicabarcelona.com\/#organization"},"image":{"@id":"https:\/\/psicoclinicabarcelona.com\/ca\/consequencies-psicologiques-del-bullying\/#primaryimage"},"thumbnailUrl":"https:\/\/psicoclinicabarcelona.com\/wp-content\/uploads\/2023\/02\/consecuencias_psicologicas_bullying.webp","articleSection":["Psic\u00f2legs Barcelona"],"inLanguage":"ca"},{"@type":"WebPage","@id":"https:\/\/psicoclinicabarcelona.com\/ca\/consequencies-psicologiques-del-bullying\/","url":"https:\/\/psicoclinicabarcelona.com\/ca\/consequencies-psicologiques-del-bullying\/","name":"Conseq\u00fc\u00e8ncies psicol\u00f2giques del bullying","isPartOf":{"@id":"https:\/\/psicoclinicabarcelona.com\/#website"},"primaryImageOfPage":{"@id":"https:\/\/psicoclinicabarcelona.com\/ca\/consequencies-psicologiques-del-bullying\/#primaryimage"},"image":{"@id":"https:\/\/psicoclinicabarcelona.com\/ca\/consequencies-psicologiques-del-bullying\/#primaryimage"},"thumbnailUrl":"https:\/\/psicoclinicabarcelona.com\/wp-content\/uploads\/2023\/02\/consecuencias_psicologicas_bullying.webp","datePublished":"2023-02-06T16:03:05+00:00","dateModified":"2024-05-15T12:20:40+00:00","description":"Alguna vegada has patit de bullying? No creur\u00e0s les conseq\u00fc\u00e8ncies que aix\u00f2 pot arribar a tenir...","breadcrumb":{"@id":"https:\/\/psicoclinicabarcelona.com\/ca\/consequencies-psicologiques-del-bullying\/#breadcrumb"},"inLanguage":"ca","potentialAction":[{"@type":"ReadAction","target":["https:\/\/psicoclinicabarcelona.com\/ca\/consequencies-psicologiques-del-bullying\/"]}]},{"@type":"ImageObject","inLanguage":"ca","@id":"https:\/\/psicoclinicabarcelona.com\/ca\/consequencies-psicologiques-del-bullying\/#primaryimage","url":"https:\/\/psicoclinicabarcelona.com\/wp-content\/uploads\/2023\/02\/consecuencias_psicologicas_bullying.webp","contentUrl":"https:\/\/psicoclinicabarcelona.com\/wp-content\/uploads\/2023\/02\/consecuencias_psicologicas_bullying.webp","width":1024,"height":683,"caption":"Consecuencias psicol\u00f3gicas del bullying"},{"@type":"BreadcrumbList","@id":"https:\/\/psicoclinicabarcelona.com\/ca\/consequencies-psicologiques-del-bullying\/#breadcrumb","itemListElement":[{"@type":"ListItem","position":1,"name":"Portada","item":"https:\/\/psicoclinicabarcelona.com\/ca\/"},{"@type":"ListItem","position":2,"name":"Conseq\u00fc\u00e8ncies psicol\u00f2giques del bullying"}]},{"@type":"WebSite","@id":"https:\/\/psicoclinicabarcelona.com\/#website","url":"https:\/\/psicoclinicabarcelona.com\/","name":"Psicocl\u00ednica Barcelona","description":"Posiblemente el mejor psic\u00f3logo en Barcelona o la mejor psic\u00f3loga de Barcelona. Ll\u00e1manos sin compromiso al 935 414 478","publisher":{"@id":"https:\/\/psicoclinicabarcelona.com\/#organization"},"alternateName":"Psicocl\u00ednica Barcelona","potentialAction":[{"@type":"SearchAction","target":{"@type":"EntryPoint","urlTemplate":"https:\/\/psicoclinicabarcelona.com\/?s={search_term_string}"},"query-input":{"@type":"PropertyValueSpecification","valueRequired":true,"valueName":"search_term_string"}}],"inLanguage":"ca"},{"@type":"Organization","@id":"https:\/\/psicoclinicabarcelona.com\/#organization","name":"Psicocl\u00ednica Barcelona","alternateName":"Psicocl\u00ednica Barcelona","url":"https:\/\/psicoclinicabarcelona.com\/","logo":{"@type":"ImageObject","inLanguage":"ca","@id":"https:\/\/psicoclinicabarcelona.com\/#\/schema\/logo\/image\/","url":"https:\/\/psicoclinicabarcelona.com\/wp-content\/uploads\/2015\/04\/psicologos-barcelona.png","contentUrl":"https:\/\/psicoclinicabarcelona.com\/wp-content\/uploads\/2015\/04\/psicologos-barcelona.png","width":178,"height":62,"caption":"Psicocl\u00ednica Barcelona"},"image":{"@id":"https:\/\/psicoclinicabarcelona.com\/#\/schema\/logo\/image\/"},"sameAs":["https:\/\/www.facebook.com\/PsicoclinicaBarcelona\/","https:\/\/x.com\/psicoclinicabcn","https:\/\/www.linkedin.com\/company\/psicocl\u00ednica-barcelona\/","https:\/\/www.instagram.com\/psicoclinicabarcelona\/","https:\/\/www.youtube.com\/channel\/UCcc-5_wC56giASuT0XDr87Q"]},{"@type":"Person","@id":"https:\/\/psicoclinicabarcelona.com\/#\/schema\/person\/1574f51c650f739d65f33a40a8acbbaa","name":"Psicocl\u00ednica Barcelona"}]}},"_links":{"self":[{"href":"https:\/\/psicoclinicabarcelona.com\/ca\/wp-json\/wp\/v2\/posts\/6292"}],"collection":[{"href":"https:\/\/psicoclinicabarcelona.com\/ca\/wp-json\/wp\/v2\/posts"}],"about":[{"href":"https:\/\/psicoclinicabarcelona.com\/ca\/wp-json\/wp\/v2\/types\/post"}],"author":[{"embeddable":true,"href":"https:\/\/psicoclinicabarcelona.com\/ca\/wp-json\/wp\/v2\/users\/5"}],"replies":[{"embeddable":true,"href":"https:\/\/psicoclinicabarcelona.com\/ca\/wp-json\/wp\/v2\/comments?post=6292"}],"version-history":[{"count":4,"href":"https:\/\/psicoclinicabarcelona.com\/ca\/wp-json\/wp\/v2\/posts\/6292\/revisions"}],"predecessor-version":[{"id":6853,"href":"https:\/\/psicoclinicabarcelona.com\/ca\/wp-json\/wp\/v2\/posts\/6292\/revisions\/6853"}],"wp:featuredmedia":[{"embeddable":true,"href":"https:\/\/psicoclinicabarcelona.com\/ca\/wp-json\/wp\/v2\/media\/7747"}],"wp:attachment":[{"href":"https:\/\/psicoclinicabarcelona.com\/ca\/wp-json\/wp\/v2\/media?parent=6292"}],"wp:term":[{"taxonomy":"category","embeddable":true,"href":"https:\/\/psicoclinicabarcelona.com\/ca\/wp-json\/wp\/v2\/categories?post=6292"},{"taxonomy":"post_tag","embeddable":true,"href":"https:\/\/psicoclinicabarcelona.com\/ca\/wp-json\/wp\/v2\/tags?post=6292"},{"taxonomy":"post_series","embeddable":true,"href":"https:\/\/psicoclinicabarcelona.com\/ca\/wp-json\/wp\/v2\/post_series?post=6292"}],"curies":[{"name":"wp","href":"https:\/\/api.w.org\/{rel}","templated":true}]}}