{"id":6313,"date":"2016-04-03T21:11:21","date_gmt":"2016-04-03T21:11:21","guid":{"rendered":"https:\/\/psicoclinicabarcelona.com\/mila-herrera-participa-en-las-iii-jornadas-de-cie\/"},"modified":"2024-05-17T11:57:38","modified_gmt":"2024-05-17T09:57:38","slug":"mila-herrera-participa-en-les-iii-jornades-de-cie","status":"publish","type":"post","link":"https:\/\/psicoclinicabarcelona.com\/ca\/mila-herrera-participa-en-les-iii-jornades-de-cie\/","title":{"rendered":"Mila Herrera participa a les III Jornades de CiE"},"content":{"rendered":"<p><a href=\"https:\/\/psicoclinicabarcelona.com\/wp-content\/uploads\/2024\/01\/flyer_interior_jornadas_seminari_clinica.jpg\"><img decoding=\"async\" class=\"alignnone wp-image-6554 size-medium\" src=\"https:\/\/psicoclinicabarcelona.com\/wp-content\/uploads\/2024\/01\/flyer_interior_jornadas_seminari_clinica.jpg\" alt=\"seminari trastorn de conducta\" width=\"286\" height=\"300\" srcset=\"https:\/\/psicoclinicabarcelona.com\/wp-content\/uploads\/2024\/01\/flyer_interior_jornadas_seminari_clinica.jpg 900w, https:\/\/psicoclinicabarcelona.com\/wp-content\/uploads\/2024\/01\/flyer_interior_jornadas_seminari_clinica-286x300.jpg 286w, https:\/\/psicoclinicabarcelona.com\/wp-content\/uploads\/2024\/01\/flyer_interior_jornadas_seminari_clinica-768x806.jpg 768w, https:\/\/psicoclinicabarcelona.com\/wp-content\/uploads\/2024\/01\/flyer_interior_jornadas_seminari_clinica-600x629.jpg 600w\" sizes=\"(max-width: 286px) 100vw, 286px\" \/><\/a> <a href=\"https:\/\/psicoclinicabarcelona.com\/wp-content\/uploads\/2024\/01\/flyer_exterior_jornadas_seminari_clinica.jpg\"><img decoding=\"async\" class=\"alignnone wp-image-6555 size-medium\" src=\"https:\/\/psicoclinicabarcelona.com\/wp-content\/uploads\/2024\/01\/flyer_exterior_jornadas_seminari_clinica.jpg\" alt=\"seminario trastorno de conducta en la escuela\" width=\"286\" height=\"300\" srcset=\"https:\/\/psicoclinicabarcelona.com\/wp-content\/uploads\/2024\/01\/flyer_exterior_jornadas_seminari_clinica.jpg 900w, https:\/\/psicoclinicabarcelona.com\/wp-content\/uploads\/2024\/01\/flyer_exterior_jornadas_seminari_clinica-286x300.jpg 286w, https:\/\/psicoclinicabarcelona.com\/wp-content\/uploads\/2024\/01\/flyer_exterior_jornadas_seminari_clinica-768x806.jpg 768w, https:\/\/psicoclinicabarcelona.com\/wp-content\/uploads\/2024\/01\/flyer_exterior_jornadas_seminari_clinica-600x629.jpg 600w\" sizes=\"(max-width: 286px) 100vw, 286px\" \/><\/a><\/p>\n<p><a href=\"https:\/\/psicoclinicabarcelona.com\/ca\/\">Psicocl\u00ednica Barcelona<\/a> participar\u00e0 el proper dissabte dia 16 d&#8217;abril a les III Jornades del Seminari de Cl\u00ednica i Educaci\u00f3 al Teatre Auditori Barradas, titulades <em>Els <a href=\"\/ca\/psicologia-infantil-problemes-conducta\/\">Trastorns de conducta<\/a> a l&#8217;escola, unes conductes que trastornin. <\/em><\/p>\n","protected":false},"excerpt":{"rendered":"<p>Psicocl\u00ednica Barcelona participar\u00e0 el proper dissabte dia 16 d&#8217;abril a les III Jornades del Seminari de Cl\u00ednica i Educaci\u00f3 al Teatre Auditori Barradas, titulades Els Trastorns de conducta a l&#8217;escola, unes conductes que trastornin.<\/p>\n","protected":false},"author":2,"featured_media":6555,"comment_status":"closed","ping_status":"closed","sticky":false,"template":"","format":"standard","meta":{"footnotes":""},"categories":[7],"tags":[],"post_series":[],"class_list":["post-6313","post","type-post","status-publish","format-standard","has-post-thumbnail","hentry","category-psicolegs-barcelona","entry","has-media"],"yoast_head":"<!-- This site is optimized with the Yoast SEO plugin v24.6 - https:\/\/yoast.com\/wordpress\/plugins\/seo\/ -->\n<title>Mila Herrera participa a les III Jornades de CiE<\/title>\n<meta name=\"description\" content=\"Mila Herrera participa a les III Jornades de CiE. Psicocl\u00ednica Barcelona, truqueu 640 067 146. Equip de psic\u00f2legs cl\u00ednics i psicoterapeutes a Barcelona amb un recorregut de m\u00e9s de 10 anys de ...\" \/>\n<meta name=\"robots\" content=\"index, follow, max-snippet:-1, max-image-preview:large, max-video-preview:-1\" \/>\n<link rel=\"canonical\" href=\"https:\/\/psicoclinicabarcelona.com\/ca\/mila-herrera-participa-en-les-iii-jornades-de-cie\/\" \/>\n<meta property=\"og:locale\" content=\"ca_ES\" \/>\n<meta property=\"og:type\" content=\"article\" \/>\n<meta property=\"og:title\" content=\"Mila Herrera participa a les III Jornades de CiE\" \/>\n<meta property=\"og:description\" content=\"Mila Herrera participa a les III Jornades de CiE. Psicocl\u00ednica Barcelona, truqueu 640 067 146. Equip de psic\u00f2legs cl\u00ednics i psicoterapeutes a Barcelona amb un recorregut de m\u00e9s de 10 anys de ...\" \/>\n<meta property=\"og:url\" content=\"https:\/\/psicoclinicabarcelona.com\/ca\/mila-herrera-participa-en-les-iii-jornades-de-cie\/\" \/>\n<meta property=\"og:site_name\" content=\"Psicocl\u00ednica Barcelona\" \/>\n<meta property=\"article:publisher\" content=\"https:\/\/www.facebook.com\/PsicoclinicaBarcelona\/\" \/>\n<meta property=\"article:published_time\" content=\"2016-04-03T21:11:21+00:00\" \/>\n<meta property=\"article:modified_time\" content=\"2024-05-17T09:57:38+00:00\" \/>\n<meta property=\"og:image\" content=\"https:\/\/psicoclinicabarcelona.com\/wp-content\/uploads\/2024\/01\/flyer_exterior_jornadas_seminari_clinica.jpg\" \/>\n\t<meta property=\"og:image:width\" content=\"900\" \/>\n\t<meta property=\"og:image:height\" content=\"944\" \/>\n\t<meta property=\"og:image:type\" content=\"image\/jpeg\" \/>\n<meta name=\"author\" content=\"Mila Herrera\" \/>\n<meta name=\"twitter:label1\" content=\"Escrit per\" \/>\n\t<meta name=\"twitter:data1\" content=\"Mila Herrera\" \/>\n\t<meta name=\"twitter:label2\" content=\"Temps estimat de lectura\" \/>\n\t<meta name=\"twitter:data2\" content=\"1 minut\" \/>\n<script type=\"application\/ld+json\" class=\"yoast-schema-graph\">{\"@context\":\"https:\/\/schema.org\",\"@graph\":[{\"@type\":\"Article\",\"@id\":\"https:\/\/psicoclinicabarcelona.com\/ca\/mila-herrera-participa-en-les-iii-jornades-de-cie\/#article\",\"isPartOf\":{\"@id\":\"https:\/\/psicoclinicabarcelona.com\/ca\/mila-herrera-participa-en-les-iii-jornades-de-cie\/\"},\"author\":{\"name\":\"Mila Herrera\",\"@id\":\"https:\/\/psicoclinicabarcelona.com\/#\/schema\/person\/155479011396a56b42230044d3de42bb\"},\"headline\":\"Mila Herrera participa a les III Jornades de CiE\",\"datePublished\":\"2016-04-03T21:11:21+00:00\",\"dateModified\":\"2024-05-17T09:57:38+00:00\",\"mainEntityOfPage\":{\"@id\":\"https:\/\/psicoclinicabarcelona.com\/ca\/mila-herrera-participa-en-les-iii-jornades-de-cie\/\"},\"wordCount\":46,\"publisher\":{\"@id\":\"https:\/\/psicoclinicabarcelona.com\/#organization\"},\"image\":{\"@id\":\"https:\/\/psicoclinicabarcelona.com\/ca\/mila-herrera-participa-en-les-iii-jornades-de-cie\/#primaryimage\"},\"thumbnailUrl\":\"https:\/\/psicoclinicabarcelona.com\/wp-content\/uploads\/2024\/01\/flyer_exterior_jornadas_seminari_clinica.jpg\",\"articleSection\":[\"Psic\u00f2legs Barcelona\"],\"inLanguage\":\"ca\"},{\"@type\":\"WebPage\",\"@id\":\"https:\/\/psicoclinicabarcelona.com\/ca\/mila-herrera-participa-en-les-iii-jornades-de-cie\/\",\"url\":\"https:\/\/psicoclinicabarcelona.com\/ca\/mila-herrera-participa-en-les-iii-jornades-de-cie\/\",\"name\":\"Mila Herrera participa a les III Jornades de CiE\",\"isPartOf\":{\"@id\":\"https:\/\/psicoclinicabarcelona.com\/#website\"},\"primaryImageOfPage\":{\"@id\":\"https:\/\/psicoclinicabarcelona.com\/ca\/mila-herrera-participa-en-les-iii-jornades-de-cie\/#primaryimage\"},\"image\":{\"@id\":\"https:\/\/psicoclinicabarcelona.com\/ca\/mila-herrera-participa-en-les-iii-jornades-de-cie\/#primaryimage\"},\"thumbnailUrl\":\"https:\/\/psicoclinicabarcelona.com\/wp-content\/uploads\/2024\/01\/flyer_exterior_jornadas_seminari_clinica.jpg\",\"datePublished\":\"2016-04-03T21:11:21+00:00\",\"dateModified\":\"2024-05-17T09:57:38+00:00\",\"description\":\"Mila Herrera participa a les III Jornades de CiE. Psicocl\u00ednica Barcelona, truqueu 640 067 146. Equip de psic\u00f2legs cl\u00ednics i psicoterapeutes a Barcelona amb un recorregut de m\u00e9s de 10 anys de ...\",\"breadcrumb\":{\"@id\":\"https:\/\/psicoclinicabarcelona.com\/ca\/mila-herrera-participa-en-les-iii-jornades-de-cie\/#breadcrumb\"},\"inLanguage\":\"ca\",\"potentialAction\":[{\"@type\":\"ReadAction\",\"target\":[\"https:\/\/psicoclinicabarcelona.com\/ca\/mila-herrera-participa-en-les-iii-jornades-de-cie\/\"]}]},{\"@type\":\"ImageObject\",\"inLanguage\":\"ca\",\"@id\":\"https:\/\/psicoclinicabarcelona.com\/ca\/mila-herrera-participa-en-les-iii-jornades-de-cie\/#primaryimage\",\"url\":\"https:\/\/psicoclinicabarcelona.com\/wp-content\/uploads\/2024\/01\/flyer_exterior_jornadas_seminari_clinica.jpg\",\"contentUrl\":\"https:\/\/psicoclinicabarcelona.com\/wp-content\/uploads\/2024\/01\/flyer_exterior_jornadas_seminari_clinica.jpg\",\"width\":900,\"height\":944,\"caption\":\"trastornos de conducta en la escuela\"},{\"@type\":\"BreadcrumbList\",\"@id\":\"https:\/\/psicoclinicabarcelona.com\/ca\/mila-herrera-participa-en-les-iii-jornades-de-cie\/#breadcrumb\",\"itemListElement\":[{\"@type\":\"ListItem\",\"position\":1,\"name\":\"Portada\",\"item\":\"https:\/\/psicoclinicabarcelona.com\/ca\/\"},{\"@type\":\"ListItem\",\"position\":2,\"name\":\"Mila Herrera participa a les III Jornades de CiE\"}]},{\"@type\":\"WebSite\",\"@id\":\"https:\/\/psicoclinicabarcelona.com\/#website\",\"url\":\"https:\/\/psicoclinicabarcelona.com\/\",\"name\":\"Psicocl\u00ednica Barcelona\",\"description\":\"Posiblemente el mejor psic\u00f3logo en Barcelona o la mejor psic\u00f3loga de Barcelona. Ll\u00e1manos sin compromiso al 935 414 478\",\"publisher\":{\"@id\":\"https:\/\/psicoclinicabarcelona.com\/#organization\"},\"alternateName\":\"Psicocl\u00ednica Barcelona\",\"potentialAction\":[{\"@type\":\"SearchAction\",\"target\":{\"@type\":\"EntryPoint\",\"urlTemplate\":\"https:\/\/psicoclinicabarcelona.com\/?s={search_term_string}\"},\"query-input\":{\"@type\":\"PropertyValueSpecification\",\"valueRequired\":true,\"valueName\":\"search_term_string\"}}],\"inLanguage\":\"ca\"},{\"@type\":\"Organization\",\"@id\":\"https:\/\/psicoclinicabarcelona.com\/#organization\",\"name\":\"Psicocl\u00ednica Barcelona\",\"alternateName\":\"Psicocl\u00ednica Barcelona\",\"url\":\"https:\/\/psicoclinicabarcelona.com\/\",\"logo\":{\"@type\":\"ImageObject\",\"inLanguage\":\"ca\",\"@id\":\"https:\/\/psicoclinicabarcelona.com\/#\/schema\/logo\/image\/\",\"url\":\"https:\/\/psicoclinicabarcelona.com\/wp-content\/uploads\/2015\/04\/psicologos-barcelona.png\",\"contentUrl\":\"https:\/\/psicoclinicabarcelona.com\/wp-content\/uploads\/2015\/04\/psicologos-barcelona.png\",\"width\":178,\"height\":62,\"caption\":\"Psicocl\u00ednica Barcelona\"},\"image\":{\"@id\":\"https:\/\/psicoclinicabarcelona.com\/#\/schema\/logo\/image\/\"},\"sameAs\":[\"https:\/\/www.facebook.com\/PsicoclinicaBarcelona\/\",\"https:\/\/x.com\/psicoclinicabcn\",\"https:\/\/www.linkedin.com\/company\/psicocl\u00ednica-barcelona\/\",\"https:\/\/www.instagram.com\/psicoclinicabarcelona\/\",\"https:\/\/www.youtube.com\/channel\/UCcc-5_wC56giASuT0XDr87Q\"]},{\"@type\":\"Person\",\"@id\":\"https:\/\/psicoclinicabarcelona.com\/#\/schema\/person\/155479011396a56b42230044d3de42bb\",\"name\":\"Mila Herrera\"}]}<\/script>\n<!-- \/ Yoast SEO plugin. -->","yoast_head_json":{"title":"Mila Herrera participa a les III Jornades de CiE","description":"Mila Herrera participa a les III Jornades de CiE. Psicocl\u00ednica Barcelona, truqueu 640 067 146. Equip de psic\u00f2legs cl\u00ednics i psicoterapeutes a Barcelona amb un recorregut de m\u00e9s de 10 anys de ...","robots":{"index":"index","follow":"follow","max-snippet":"max-snippet:-1","max-image-preview":"max-image-preview:large","max-video-preview":"max-video-preview:-1"},"canonical":"https:\/\/psicoclinicabarcelona.com\/ca\/mila-herrera-participa-en-les-iii-jornades-de-cie\/","og_locale":"ca_ES","og_type":"article","og_title":"Mila Herrera participa a les III Jornades de CiE","og_description":"Mila Herrera participa a les III Jornades de CiE. Psicocl\u00ednica Barcelona, truqueu 640 067 146. Equip de psic\u00f2legs cl\u00ednics i psicoterapeutes a Barcelona amb un recorregut de m\u00e9s de 10 anys de ...","og_url":"https:\/\/psicoclinicabarcelona.com\/ca\/mila-herrera-participa-en-les-iii-jornades-de-cie\/","og_site_name":"Psicocl\u00ednica Barcelona","article_publisher":"https:\/\/www.facebook.com\/PsicoclinicaBarcelona\/","article_published_time":"2016-04-03T21:11:21+00:00","article_modified_time":"2024-05-17T09:57:38+00:00","og_image":[{"width":900,"height":944,"url":"https:\/\/psicoclinicabarcelona.com\/wp-content\/uploads\/2024\/01\/flyer_exterior_jornadas_seminari_clinica.jpg","type":"image\/jpeg"}],"author":"Mila Herrera","twitter_misc":{"Escrit per":"Mila Herrera","Temps estimat de lectura":"1 minut"},"schema":{"@context":"https:\/\/schema.org","@graph":[{"@type":"Article","@id":"https:\/\/psicoclinicabarcelona.com\/ca\/mila-herrera-participa-en-les-iii-jornades-de-cie\/#article","isPartOf":{"@id":"https:\/\/psicoclinicabarcelona.com\/ca\/mila-herrera-participa-en-les-iii-jornades-de-cie\/"},"author":{"name":"Mila Herrera","@id":"https:\/\/psicoclinicabarcelona.com\/#\/schema\/person\/155479011396a56b42230044d3de42bb"},"headline":"Mila Herrera participa a les III Jornades de CiE","datePublished":"2016-04-03T21:11:21+00:00","dateModified":"2024-05-17T09:57:38+00:00","mainEntityOfPage":{"@id":"https:\/\/psicoclinicabarcelona.com\/ca\/mila-herrera-participa-en-les-iii-jornades-de-cie\/"},"wordCount":46,"publisher":{"@id":"https:\/\/psicoclinicabarcelona.com\/#organization"},"image":{"@id":"https:\/\/psicoclinicabarcelona.com\/ca\/mila-herrera-participa-en-les-iii-jornades-de-cie\/#primaryimage"},"thumbnailUrl":"https:\/\/psicoclinicabarcelona.com\/wp-content\/uploads\/2024\/01\/flyer_exterior_jornadas_seminari_clinica.jpg","articleSection":["Psic\u00f2legs Barcelona"],"inLanguage":"ca"},{"@type":"WebPage","@id":"https:\/\/psicoclinicabarcelona.com\/ca\/mila-herrera-participa-en-les-iii-jornades-de-cie\/","url":"https:\/\/psicoclinicabarcelona.com\/ca\/mila-herrera-participa-en-les-iii-jornades-de-cie\/","name":"Mila Herrera participa a les III Jornades de CiE","isPartOf":{"@id":"https:\/\/psicoclinicabarcelona.com\/#website"},"primaryImageOfPage":{"@id":"https:\/\/psicoclinicabarcelona.com\/ca\/mila-herrera-participa-en-les-iii-jornades-de-cie\/#primaryimage"},"image":{"@id":"https:\/\/psicoclinicabarcelona.com\/ca\/mila-herrera-participa-en-les-iii-jornades-de-cie\/#primaryimage"},"thumbnailUrl":"https:\/\/psicoclinicabarcelona.com\/wp-content\/uploads\/2024\/01\/flyer_exterior_jornadas_seminari_clinica.jpg","datePublished":"2016-04-03T21:11:21+00:00","dateModified":"2024-05-17T09:57:38+00:00","description":"Mila Herrera participa a les III Jornades de CiE. Psicocl\u00ednica Barcelona, truqueu 640 067 146. Equip de psic\u00f2legs cl\u00ednics i psicoterapeutes a Barcelona amb un recorregut de m\u00e9s de 10 anys de ...","breadcrumb":{"@id":"https:\/\/psicoclinicabarcelona.com\/ca\/mila-herrera-participa-en-les-iii-jornades-de-cie\/#breadcrumb"},"inLanguage":"ca","potentialAction":[{"@type":"ReadAction","target":["https:\/\/psicoclinicabarcelona.com\/ca\/mila-herrera-participa-en-les-iii-jornades-de-cie\/"]}]},{"@type":"ImageObject","inLanguage":"ca","@id":"https:\/\/psicoclinicabarcelona.com\/ca\/mila-herrera-participa-en-les-iii-jornades-de-cie\/#primaryimage","url":"https:\/\/psicoclinicabarcelona.com\/wp-content\/uploads\/2024\/01\/flyer_exterior_jornadas_seminari_clinica.jpg","contentUrl":"https:\/\/psicoclinicabarcelona.com\/wp-content\/uploads\/2024\/01\/flyer_exterior_jornadas_seminari_clinica.jpg","width":900,"height":944,"caption":"trastornos de conducta en la escuela"},{"@type":"BreadcrumbList","@id":"https:\/\/psicoclinicabarcelona.com\/ca\/mila-herrera-participa-en-les-iii-jornades-de-cie\/#breadcrumb","itemListElement":[{"@type":"ListItem","position":1,"name":"Portada","item":"https:\/\/psicoclinicabarcelona.com\/ca\/"},{"@type":"ListItem","position":2,"name":"Mila Herrera participa a les III Jornades de CiE"}]},{"@type":"WebSite","@id":"https:\/\/psicoclinicabarcelona.com\/#website","url":"https:\/\/psicoclinicabarcelona.com\/","name":"Psicocl\u00ednica Barcelona","description":"Posiblemente el mejor psic\u00f3logo en Barcelona o la mejor psic\u00f3loga de Barcelona. Ll\u00e1manos sin compromiso al 935 414 478","publisher":{"@id":"https:\/\/psicoclinicabarcelona.com\/#organization"},"alternateName":"Psicocl\u00ednica Barcelona","potentialAction":[{"@type":"SearchAction","target":{"@type":"EntryPoint","urlTemplate":"https:\/\/psicoclinicabarcelona.com\/?s={search_term_string}"},"query-input":{"@type":"PropertyValueSpecification","valueRequired":true,"valueName":"search_term_string"}}],"inLanguage":"ca"},{"@type":"Organization","@id":"https:\/\/psicoclinicabarcelona.com\/#organization","name":"Psicocl\u00ednica Barcelona","alternateName":"Psicocl\u00ednica Barcelona","url":"https:\/\/psicoclinicabarcelona.com\/","logo":{"@type":"ImageObject","inLanguage":"ca","@id":"https:\/\/psicoclinicabarcelona.com\/#\/schema\/logo\/image\/","url":"https:\/\/psicoclinicabarcelona.com\/wp-content\/uploads\/2015\/04\/psicologos-barcelona.png","contentUrl":"https:\/\/psicoclinicabarcelona.com\/wp-content\/uploads\/2015\/04\/psicologos-barcelona.png","width":178,"height":62,"caption":"Psicocl\u00ednica Barcelona"},"image":{"@id":"https:\/\/psicoclinicabarcelona.com\/#\/schema\/logo\/image\/"},"sameAs":["https:\/\/www.facebook.com\/PsicoclinicaBarcelona\/","https:\/\/x.com\/psicoclinicabcn","https:\/\/www.linkedin.com\/company\/psicocl\u00ednica-barcelona\/","https:\/\/www.instagram.com\/psicoclinicabarcelona\/","https:\/\/www.youtube.com\/channel\/UCcc-5_wC56giASuT0XDr87Q"]},{"@type":"Person","@id":"https:\/\/psicoclinicabarcelona.com\/#\/schema\/person\/155479011396a56b42230044d3de42bb","name":"Mila Herrera"}]}},"_links":{"self":[{"href":"https:\/\/psicoclinicabarcelona.com\/ca\/wp-json\/wp\/v2\/posts\/6313"}],"collection":[{"href":"https:\/\/psicoclinicabarcelona.com\/ca\/wp-json\/wp\/v2\/posts"}],"about":[{"href":"https:\/\/psicoclinicabarcelona.com\/ca\/wp-json\/wp\/v2\/types\/post"}],"author":[{"embeddable":true,"href":"https:\/\/psicoclinicabarcelona.com\/ca\/wp-json\/wp\/v2\/users\/2"}],"replies":[{"embeddable":true,"href":"https:\/\/psicoclinicabarcelona.com\/ca\/wp-json\/wp\/v2\/comments?post=6313"}],"version-history":[{"count":7,"href":"https:\/\/psicoclinicabarcelona.com\/ca\/wp-json\/wp\/v2\/posts\/6313\/revisions"}],"predecessor-version":[{"id":6949,"href":"https:\/\/psicoclinicabarcelona.com\/ca\/wp-json\/wp\/v2\/posts\/6313\/revisions\/6949"}],"wp:featuredmedia":[{"embeddable":true,"href":"https:\/\/psicoclinicabarcelona.com\/ca\/wp-json\/wp\/v2\/media\/6555"}],"wp:attachment":[{"href":"https:\/\/psicoclinicabarcelona.com\/ca\/wp-json\/wp\/v2\/media?parent=6313"}],"wp:term":[{"taxonomy":"category","embeddable":true,"href":"https:\/\/psicoclinicabarcelona.com\/ca\/wp-json\/wp\/v2\/categories?post=6313"},{"taxonomy":"post_tag","embeddable":true,"href":"https:\/\/psicoclinicabarcelona.com\/ca\/wp-json\/wp\/v2\/tags?post=6313"},{"taxonomy":"post_series","embeddable":true,"href":"https:\/\/psicoclinicabarcelona.com\/ca\/wp-json\/wp\/v2\/post_series?post=6313"}],"curies":[{"name":"wp","href":"https:\/\/api.w.org\/{rel}","templated":true}]}}